{"id":533,"date":"2024-09-29T21:30:56","date_gmt":"2024-09-29T19:30:56","guid":{"rendered":"https:\/\/wgphoto.pl\/t\/?p=533"},"modified":"2024-09-29T21:30:56","modified_gmt":"2024-09-29T19:30:56","slug":"eu07-341-oborniki-slaskie","status":"publish","type":"post","link":"https:\/\/wgphoto.pl\/t\/?p=533","title":{"rendered":"EU07-341, Oborniki \u015al\u0105skie"},"content":{"rendered":"\n<figure class=\"wp-block-image aligncenter size-full\"><img loading=\"lazy\" decoding=\"async\" width=\"1050\" height=\"700\" src=\"https:\/\/wgphoto.pl\/t\/wp-content\/uploads\/DSCF6050.jpg\" alt=\"\" class=\"wp-image-534\" srcset=\"https:\/\/wgphoto.pl\/t\/wp-content\/uploads\/DSCF6050.jpg 1050w, https:\/\/wgphoto.pl\/t\/wp-content\/uploads\/DSCF6050-300x200.jpg 300w, https:\/\/wgphoto.pl\/t\/wp-content\/uploads\/DSCF6050-768x512.jpg 768w\" sizes=\"auto, (max-width: 1050px) 100vw, 1050px\" \/><\/figure>\n\n\n\n<div class=\"wp-block-group has-global-padding is-layout-constrained wp-block-group-is-layout-constrained\">\n<p>IC 1606 &#8222;Panorama&#8221; z Warszawy Wschodniej do Wroc\u0142awia G\u0142\u00f3wnego bez zatrzymania przelatuje przez tytu\u0142ow\u0105 stacj\u0119. Liczy\u0142em na EP09\u2026 09.02.2008<\/p>\n<\/div>\n","protected":false},"excerpt":{"rendered":"<p>IC 1606 &#8222;Panorama&#8221; z Warszawy Wschodniej do Wroc\u0142awia G\u0142\u00f3wnego bez zatrzymania przelatuje przez tytu\u0142ow\u0105 stacj\u0119. Liczy\u0142em na EP09\u2026 09.02.2008<\/p>\n","protected":false},"author":1,"featured_media":534,"comment_status":"open","ping_status":"","sticky":false,"template":"","format":"standard","meta":{"footnotes":""},"categories":[2,120],"tags":[227,122,226,63,27,190],"class_list":["post-533","post","type-post","status-publish","format-standard","has-post-thumbnail","hentry","category-kolej","category-rok-2008","tag-2008-02-09","tag-eu07","tag-oborniki-slaskie","tag-pkp","tag-polska","tag-tab-pl330"],"_links":{"self":[{"href":"https:\/\/wgphoto.pl\/t\/index.php?rest_route=\/wp\/v2\/posts\/533","targetHints":{"allow":["GET"]}}],"collection":[{"href":"https:\/\/wgphoto.pl\/t\/index.php?rest_route=\/wp\/v2\/posts"}],"about":[{"href":"https:\/\/wgphoto.pl\/t\/index.php?rest_route=\/wp\/v2\/types\/post"}],"author":[{"embeddable":true,"href":"https:\/\/wgphoto.pl\/t\/index.php?rest_route=\/wp\/v2\/users\/1"}],"replies":[{"embeddable":true,"href":"https:\/\/wgphoto.pl\/t\/index.php?rest_route=%2Fwp%2Fv2%2Fcomments&post=533"}],"version-history":[{"count":1,"href":"https:\/\/wgphoto.pl\/t\/index.php?rest_route=\/wp\/v2\/posts\/533\/revisions"}],"predecessor-version":[{"id":535,"href":"https:\/\/wgphoto.pl\/t\/index.php?rest_route=\/wp\/v2\/posts\/533\/revisions\/535"}],"wp:featuredmedia":[{"embeddable":true,"href":"https:\/\/wgphoto.pl\/t\/index.php?rest_route=\/wp\/v2\/media\/534"}],"wp:attachment":[{"href":"https:\/\/wgphoto.pl\/t\/index.php?rest_route=%2Fwp%2Fv2%2Fmedia&parent=533"}],"wp:term":[{"taxonomy":"category","embeddable":true,"href":"https:\/\/wgphoto.pl\/t\/index.php?rest_route=%2Fwp%2Fv2%2Fcategories&post=533"},{"taxonomy":"post_tag","embeddable":true,"href":"https:\/\/wgphoto.pl\/t\/index.php?rest_route=%2Fwp%2Fv2%2Ftags&post=533"}],"curies":[{"name":"wp","href":"https:\/\/api.w.org\/{rel}","templated":true}]}}