{"id":5373,"date":"2024-11-10T20:42:05","date_gmt":"2024-11-10T19:42:05","guid":{"rendered":"https:\/\/wgphoto.pl\/t\/?p=5373"},"modified":"2024-11-10T20:42:05","modified_gmt":"2024-11-10T19:42:05","slug":"stara-ogolna","status":"publish","type":"post","link":"https:\/\/wgphoto.pl\/t\/?p=5373","title":{"rendered":"Stara Og\u00f3lna"},"content":{"rendered":"\n<figure class=\"wp-block-image aligncenter size-full\"><img loading=\"lazy\" decoding=\"async\" width=\"1300\" height=\"861\" src=\"https:\/\/wgphoto.pl\/t\/wp-content\/uploads\/2024\/11\/0519-36_rsn.jpg\" alt=\"\" class=\"wp-image-5374\" srcset=\"https:\/\/wgphoto.pl\/t\/wp-content\/uploads\/2024\/11\/0519-36_rsn.jpg 1300w, https:\/\/wgphoto.pl\/t\/wp-content\/uploads\/2024\/11\/0519-36_rsn-300x199.jpg 300w, https:\/\/wgphoto.pl\/t\/wp-content\/uploads\/2024\/11\/0519-36_rsn-768x509.jpg 768w\" sizes=\"auto, (max-width: 1300px) 100vw, 1300px\" \/><\/figure>\n\n\n\n<div class=\"wp-block-group has-global-padding is-layout-constrained wp-block-group-is-layout-constrained\">\n<p>GT6 245 (ex-Mainz) na przystanku ko\u0144cowym p\u0119tli Og\u00f3lna w Elbl\u0105gu. Chwil\u0119 p\u00f3\u017aniej (1-2 lata?) otwarto przed\u0142u\u017cenie do nowej p\u0119tli przy ul. Og\u00f3lnej, ale na drugim jej ko\u0144cu, 3 przystanki dalej. Star\u0105 p\u0119tl\u0119 (t\u0119 ze zdj\u0119cia) zlikwidowano. [28.07.2005]<\/p>\n<\/div>\n","protected":false},"excerpt":{"rendered":"<p>GT6 245 (ex-Mainz) na przystanku ko\u0144cowym p\u0119tli Og\u00f3lna w Elbl\u0105gu. Chwil\u0119 p\u00f3\u017aniej (1-2 lata?) otwarto przed\u0142u\u017cenie do nowej p\u0119tli przy ul. Og\u00f3lnej, ale na drugim jej ko\u0144cu, 3 przystanki dalej. Star\u0105 p\u0119tl\u0119 (t\u0119 ze zdj\u0119cia) zlikwidowano. [28.07.2005]<\/p>\n","protected":false},"author":1,"featured_media":5374,"comment_status":"open","ping_status":"","sticky":false,"template":"","format":"standard","meta":{"footnotes":""},"categories":[62,311,3],"tags":[1205,2078,101,27,2079],"class_list":["post-5373","post","type-post","status-publish","format-standard","has-post-thumbnail","hentry","category-analog","category-rok-2005","category-tramwaj","tag-2005-07-28","tag-elblag","tag-gt6","tag-polska","tag-tramwaje-elblaskie"],"_links":{"self":[{"href":"https:\/\/wgphoto.pl\/t\/index.php?rest_route=\/wp\/v2\/posts\/5373","targetHints":{"allow":["GET"]}}],"collection":[{"href":"https:\/\/wgphoto.pl\/t\/index.php?rest_route=\/wp\/v2\/posts"}],"about":[{"href":"https:\/\/wgphoto.pl\/t\/index.php?rest_route=\/wp\/v2\/types\/post"}],"author":[{"embeddable":true,"href":"https:\/\/wgphoto.pl\/t\/index.php?rest_route=\/wp\/v2\/users\/1"}],"replies":[{"embeddable":true,"href":"https:\/\/wgphoto.pl\/t\/index.php?rest_route=%2Fwp%2Fv2%2Fcomments&post=5373"}],"version-history":[{"count":1,"href":"https:\/\/wgphoto.pl\/t\/index.php?rest_route=\/wp\/v2\/posts\/5373\/revisions"}],"predecessor-version":[{"id":5375,"href":"https:\/\/wgphoto.pl\/t\/index.php?rest_route=\/wp\/v2\/posts\/5373\/revisions\/5375"}],"wp:featuredmedia":[{"embeddable":true,"href":"https:\/\/wgphoto.pl\/t\/index.php?rest_route=\/wp\/v2\/media\/5374"}],"wp:attachment":[{"href":"https:\/\/wgphoto.pl\/t\/index.php?rest_route=%2Fwp%2Fv2%2Fmedia&parent=5373"}],"wp:term":[{"taxonomy":"category","embeddable":true,"href":"https:\/\/wgphoto.pl\/t\/index.php?rest_route=%2Fwp%2Fv2%2Fcategories&post=5373"},{"taxonomy":"post_tag","embeddable":true,"href":"https:\/\/wgphoto.pl\/t\/index.php?rest_route=%2Fwp%2Fv2%2Ftags&post=5373"}],"curies":[{"name":"wp","href":"https:\/\/api.w.org\/{rel}","templated":true}]}}