{"id":5380,"date":"2024-11-10T20:44:19","date_gmt":"2024-11-10T19:44:19","guid":{"rendered":"https:\/\/wgphoto.pl\/t\/?p=5380"},"modified":"2024-11-10T20:44:19","modified_gmt":"2024-11-10T19:44:19","slug":"805na-058-2","status":"publish","type":"post","link":"https:\/\/wgphoto.pl\/t\/?p=5380","title":{"rendered":"805Na 058"},"content":{"rendered":"\n<figure class=\"wp-block-image aligncenter size-full\"><img loading=\"lazy\" decoding=\"async\" width=\"1300\" height=\"861\" src=\"https:\/\/wgphoto.pl\/t\/wp-content\/uploads\/2024\/11\/0519-33_rsn.jpg\" alt=\"\" class=\"wp-image-5381\" srcset=\"https:\/\/wgphoto.pl\/t\/wp-content\/uploads\/2024\/11\/0519-33_rsn.jpg 1300w, https:\/\/wgphoto.pl\/t\/wp-content\/uploads\/2024\/11\/0519-33_rsn-300x199.jpg 300w, https:\/\/wgphoto.pl\/t\/wp-content\/uploads\/2024\/11\/0519-33_rsn-768x509.jpg 768w\" sizes=\"auto, (max-width: 1300px) 100vw, 1300px\" \/><\/figure>\n\n\n\n<div class=\"wp-block-group has-global-padding is-layout-constrained wp-block-group-is-layout-constrained\">\n<p>Elbl\u0105g, ul. Browarna, 805Na 058. To chyba jedyna osiemsetpi\u0105tka\/stopi\u0105tka, w kt\u00f3rej nowoczesno\u015b\u0107 w postaci wy\u015bwietlaczy rozwi\u0105zano w ten spos\u00f3b &#8211; a wida\u0107 tu bardzo wyra\u017anie, \u017ce zwyczajowa tablica za szyb\u0105 prezentuje o wiele mniejszy numer linii ni\u017c wy\u015bwietlacz poni\u017cej szyby. Szkoda, \u017ce takie rozwi\u0105zanie si\u0119 nie rozpowszechni\u0142o w innych miastach. [28.07.2005]<\/p>\n<\/div>\n","protected":false},"excerpt":{"rendered":"<p>Elbl\u0105g, ul. Browarna, 805Na 058. To chyba jedyna osiemsetpi\u0105tka\/stopi\u0105tka, w kt\u00f3rej nowoczesno\u015b\u0107 w postaci wy\u015bwietlaczy rozwi\u0105zano w ten spos\u00f3b &#8211; a wida\u0107 tu bardzo wyra\u017anie, \u017ce zwyczajowa tablica za szyb\u0105 prezentuje o wiele mniejszy numer linii ni\u017c wy\u015bwietlacz poni\u017cej szyby. Szkoda, \u017ce takie rozwi\u0105zanie si\u0119 nie rozpowszechni\u0142o w innych miastach. [28.07.2005]<\/p>\n","protected":false},"author":1,"featured_media":5381,"comment_status":"open","ping_status":"","sticky":false,"template":"","format":"standard","meta":{"footnotes":""},"categories":[62,311,3],"tags":[1205,2078,916,27,2079],"class_list":["post-5380","post","type-post","status-publish","format-standard","has-post-thumbnail","hentry","category-analog","category-rok-2005","category-tramwaj","tag-2005-07-28","tag-elblag","tag-konstal-805na","tag-polska","tag-tramwaje-elblaskie"],"_links":{"self":[{"href":"https:\/\/wgphoto.pl\/t\/index.php?rest_route=\/wp\/v2\/posts\/5380","targetHints":{"allow":["GET"]}}],"collection":[{"href":"https:\/\/wgphoto.pl\/t\/index.php?rest_route=\/wp\/v2\/posts"}],"about":[{"href":"https:\/\/wgphoto.pl\/t\/index.php?rest_route=\/wp\/v2\/types\/post"}],"author":[{"embeddable":true,"href":"https:\/\/wgphoto.pl\/t\/index.php?rest_route=\/wp\/v2\/users\/1"}],"replies":[{"embeddable":true,"href":"https:\/\/wgphoto.pl\/t\/index.php?rest_route=%2Fwp%2Fv2%2Fcomments&post=5380"}],"version-history":[{"count":1,"href":"https:\/\/wgphoto.pl\/t\/index.php?rest_route=\/wp\/v2\/posts\/5380\/revisions"}],"predecessor-version":[{"id":5382,"href":"https:\/\/wgphoto.pl\/t\/index.php?rest_route=\/wp\/v2\/posts\/5380\/revisions\/5382"}],"wp:featuredmedia":[{"embeddable":true,"href":"https:\/\/wgphoto.pl\/t\/index.php?rest_route=\/wp\/v2\/media\/5381"}],"wp:attachment":[{"href":"https:\/\/wgphoto.pl\/t\/index.php?rest_route=%2Fwp%2Fv2%2Fmedia&parent=5380"}],"wp:term":[{"taxonomy":"category","embeddable":true,"href":"https:\/\/wgphoto.pl\/t\/index.php?rest_route=%2Fwp%2Fv2%2Fcategories&post=5380"},{"taxonomy":"post_tag","embeddable":true,"href":"https:\/\/wgphoto.pl\/t\/index.php?rest_route=%2Fwp%2Fv2%2Ftags&post=5380"}],"curies":[{"name":"wp","href":"https:\/\/api.w.org\/{rel}","templated":true}]}}