{"id":5401,"date":"2024-11-10T20:52:10","date_gmt":"2024-11-10T19:52:10","guid":{"rendered":"https:\/\/wgphoto.pl\/t\/?p=5401"},"modified":"2024-11-10T20:52:10","modified_gmt":"2024-11-10T19:52:10","slug":"rymarov","status":"publish","type":"post","link":"https:\/\/wgphoto.pl\/t\/?p=5401","title":{"rendered":"R\u00fdma\u0159ov"},"content":{"rendered":"\n<figure class=\"wp-block-image aligncenter size-full\"><img loading=\"lazy\" decoding=\"async\" width=\"1300\" height=\"870\" src=\"https:\/\/wgphoto.pl\/t\/wp-content\/uploads\/2024\/11\/IMGP7226.jpg\" alt=\"\" class=\"wp-image-5402\" srcset=\"https:\/\/wgphoto.pl\/t\/wp-content\/uploads\/2024\/11\/IMGP7226.jpg 1300w, https:\/\/wgphoto.pl\/t\/wp-content\/uploads\/2024\/11\/IMGP7226-300x201.jpg 300w, https:\/\/wgphoto.pl\/t\/wp-content\/uploads\/2024\/11\/IMGP7226-768x514.jpg 768w\" sizes=\"auto, (max-width: 1300px) 100vw, 1300px\" \/><\/figure>\n\n\n\n<div class=\"wp-block-group has-global-padding is-layout-constrained wp-block-group-is-layout-constrained\">\n<p>809.209 jako poci\u0105g osobowy 23512 z Brunt\u00e1lu w strugach deszczu przyjecha\u0142 do R\u00fdma\u0159ova. Wed\u0142ug \u00f3wczesnego rozk\u0142adu jazdy mo\u017cna by\u0142o stamt\u0105d pojecha\u0107 do w\u0119z\u0142owego Val\u0161ova (i dalej w kierunku Krnova lub O\u0142omu\u0144ca) albo bezpo\u015brednio do powiatowego Brunt\u00e1lu 12 razy w ci\u0105gu dnia roboczego. W soboty by\u0142 do dyspozycji o jeden, a w niedziel\u0119 o dwa kursy mniej. [18.07.2009]<\/p>\n<\/div>\n","protected":false},"excerpt":{"rendered":"<p>809.209 jako poci\u0105g osobowy 23512 z Brunt\u00e1lu w strugach deszczu przyjecha\u0142 do R\u00fdma\u0159ova. Wed\u0142ug \u00f3wczesnego rozk\u0142adu jazdy mo\u017cna by\u0142o stamt\u0105d pojecha\u0107 do w\u0119z\u0142owego Val\u0161ova (i dalej w kierunku Krnova lub O\u0142omu\u0144ca) albo bezpo\u015brednio do powiatowego Brunt\u00e1lu 12 razy w ci\u0105gu dnia roboczego. W soboty by\u0142 do dyspozycji o jeden, a w niedziel\u0119 o dwa kursy [&hellip;]<\/p>\n","protected":false},"author":1,"featured_media":5402,"comment_status":"open","ping_status":"","sticky":false,"template":"","format":"standard","meta":{"footnotes":""},"categories":[2,169],"tags":[620,92,50,49,13,94,2088,2089],"class_list":["post-5401","post","type-post","status-publish","format-standard","has-post-thumbnail","hentry","category-kolej","category-rok-2009","tag-2009-07-18","tag-92","tag-cd","tag-czechy","tag-deszcz","tag-na-kolejowym-koncu-swiata","tag-rymarov","tag-tab-cz311"],"_links":{"self":[{"href":"https:\/\/wgphoto.pl\/t\/index.php?rest_route=\/wp\/v2\/posts\/5401","targetHints":{"allow":["GET"]}}],"collection":[{"href":"https:\/\/wgphoto.pl\/t\/index.php?rest_route=\/wp\/v2\/posts"}],"about":[{"href":"https:\/\/wgphoto.pl\/t\/index.php?rest_route=\/wp\/v2\/types\/post"}],"author":[{"embeddable":true,"href":"https:\/\/wgphoto.pl\/t\/index.php?rest_route=\/wp\/v2\/users\/1"}],"replies":[{"embeddable":true,"href":"https:\/\/wgphoto.pl\/t\/index.php?rest_route=%2Fwp%2Fv2%2Fcomments&post=5401"}],"version-history":[{"count":1,"href":"https:\/\/wgphoto.pl\/t\/index.php?rest_route=\/wp\/v2\/posts\/5401\/revisions"}],"predecessor-version":[{"id":5403,"href":"https:\/\/wgphoto.pl\/t\/index.php?rest_route=\/wp\/v2\/posts\/5401\/revisions\/5403"}],"wp:featuredmedia":[{"embeddable":true,"href":"https:\/\/wgphoto.pl\/t\/index.php?rest_route=\/wp\/v2\/media\/5402"}],"wp:attachment":[{"href":"https:\/\/wgphoto.pl\/t\/index.php?rest_route=%2Fwp%2Fv2%2Fmedia&parent=5401"}],"wp:term":[{"taxonomy":"category","embeddable":true,"href":"https:\/\/wgphoto.pl\/t\/index.php?rest_route=%2Fwp%2Fv2%2Fcategories&post=5401"},{"taxonomy":"post_tag","embeddable":true,"href":"https:\/\/wgphoto.pl\/t\/index.php?rest_route=%2Fwp%2Fv2%2Ftags&post=5401"}],"curies":[{"name":"wp","href":"https:\/\/api.w.org\/{rel}","templated":true}]}}