{"id":5413,"date":"2024-11-10T20:57:53","date_gmt":"2024-11-10T19:57:53","guid":{"rendered":"https:\/\/wgphoto.pl\/t\/?p=5413"},"modified":"2024-11-10T20:57:53","modified_gmt":"2024-11-10T19:57:53","slug":"gt6b4-509551","status":"publish","type":"post","link":"https:\/\/wgphoto.pl\/t\/?p=5413","title":{"rendered":"GT6+B4 509+551"},"content":{"rendered":"\n<figure class=\"wp-block-image aligncenter size-full\"><img loading=\"lazy\" decoding=\"async\" width=\"1300\" height=\"813\" src=\"https:\/\/wgphoto.pl\/t\/wp-content\/uploads\/2024\/11\/2002r-08_rsn.jpg\" alt=\"\" class=\"wp-image-5414\" srcset=\"https:\/\/wgphoto.pl\/t\/wp-content\/uploads\/2024\/11\/2002r-08_rsn.jpg 1300w, https:\/\/wgphoto.pl\/t\/wp-content\/uploads\/2024\/11\/2002r-08_rsn-300x188.jpg 300w, https:\/\/wgphoto.pl\/t\/wp-content\/uploads\/2024\/11\/2002r-08_rsn-768x480.jpg 768w\" sizes=\"auto, (max-width: 1300px) 100vw, 1300px\" \/><\/figure>\n\n\n\n<div class=\"wp-block-group has-global-padding is-layout-constrained wp-block-group-is-layout-constrained\">\n<p>Szczecin, ul. Arko\u0144ska, GT6+B4 509+551. To by\u0142 jeden z dw\u00f3ch w\u00f3wczas takich sk\u0142ad\u00f3w w Szczecinie, pierwszy w\u00f3z pochodzi\u0142 z D\u00fcsseldorfu, a drugi (co mo\u017cna pozna\u0107 po oryginalnych barwach) z Frankfurtu. [14.07.2002]<\/p>\n<\/div>\n","protected":false},"excerpt":{"rendered":"<p>Szczecin, ul. Arko\u0144ska, GT6+B4 509+551. To by\u0142 jeden z dw\u00f3ch w\u00f3wczas takich sk\u0142ad\u00f3w w Szczecinie, pierwszy w\u00f3z pochodzi\u0142 z D\u00fcsseldorfu, a drugi (co mo\u017cna pozna\u0107 po oryginalnych barwach) z Frankfurtu. [14.07.2002]<\/p>\n","protected":false},"author":1,"featured_media":5414,"comment_status":"open","ping_status":"","sticky":false,"template":"","format":"standard","meta":{"footnotes":""},"categories":[62,577,3],"tags":[950,101,740,27,301],"class_list":["post-5413","post","type-post","status-publish","format-standard","has-post-thumbnail","hentry","category-analog","category-rok-2002","category-tramwaj","tag-2002-07-14","tag-gt6","tag-mzk-szczecin","tag-polska","tag-szczecin"],"_links":{"self":[{"href":"https:\/\/wgphoto.pl\/t\/index.php?rest_route=\/wp\/v2\/posts\/5413","targetHints":{"allow":["GET"]}}],"collection":[{"href":"https:\/\/wgphoto.pl\/t\/index.php?rest_route=\/wp\/v2\/posts"}],"about":[{"href":"https:\/\/wgphoto.pl\/t\/index.php?rest_route=\/wp\/v2\/types\/post"}],"author":[{"embeddable":true,"href":"https:\/\/wgphoto.pl\/t\/index.php?rest_route=\/wp\/v2\/users\/1"}],"replies":[{"embeddable":true,"href":"https:\/\/wgphoto.pl\/t\/index.php?rest_route=%2Fwp%2Fv2%2Fcomments&post=5413"}],"version-history":[{"count":1,"href":"https:\/\/wgphoto.pl\/t\/index.php?rest_route=\/wp\/v2\/posts\/5413\/revisions"}],"predecessor-version":[{"id":5415,"href":"https:\/\/wgphoto.pl\/t\/index.php?rest_route=\/wp\/v2\/posts\/5413\/revisions\/5415"}],"wp:featuredmedia":[{"embeddable":true,"href":"https:\/\/wgphoto.pl\/t\/index.php?rest_route=\/wp\/v2\/media\/5414"}],"wp:attachment":[{"href":"https:\/\/wgphoto.pl\/t\/index.php?rest_route=%2Fwp%2Fv2%2Fmedia&parent=5413"}],"wp:term":[{"taxonomy":"category","embeddable":true,"href":"https:\/\/wgphoto.pl\/t\/index.php?rest_route=%2Fwp%2Fv2%2Fcategories&post=5413"},{"taxonomy":"post_tag","embeddable":true,"href":"https:\/\/wgphoto.pl\/t\/index.php?rest_route=%2Fwp%2Fv2%2Ftags&post=5413"}],"curies":[{"name":"wp","href":"https:\/\/api.w.org\/{rel}","templated":true}]}}