{"id":5419,"date":"2024-11-10T21:01:10","date_gmt":"2024-11-10T20:01:10","guid":{"rendered":"https:\/\/wgphoto.pl\/t\/?p=5419"},"modified":"2024-11-10T21:01:10","modified_gmt":"2024-11-10T20:01:10","slug":"jednak-jezdzili","status":"publish","type":"post","link":"https:\/\/wgphoto.pl\/t\/?p=5419","title":{"rendered":"Jednak je\u017adzili"},"content":{"rendered":"\n<figure class=\"wp-block-image aligncenter size-full\"><img loading=\"lazy\" decoding=\"async\" width=\"1300\" height=\"861\" src=\"https:\/\/wgphoto.pl\/t\/wp-content\/uploads\/2024\/11\/0412_27_rsn.jpg\" alt=\"\" class=\"wp-image-5420\" srcset=\"https:\/\/wgphoto.pl\/t\/wp-content\/uploads\/2024\/11\/0412_27_rsn.jpg 1300w, https:\/\/wgphoto.pl\/t\/wp-content\/uploads\/2024\/11\/0412_27_rsn-300x199.jpg 300w, https:\/\/wgphoto.pl\/t\/wp-content\/uploads\/2024\/11\/0412_27_rsn-768x509.jpg 768w\" sizes=\"auto, (max-width: 1300px) 100vw, 1300px\" \/><\/figure>\n\n\n\n<div class=\"wp-block-group has-global-padding is-layout-constrained wp-block-group-is-layout-constrained\">\n<p>SA102-001 w\u0142a\u015bnie przyby\u0142 jako poci\u0105g osobowy 22435 z Jeleniej G\u00f3ry. Jak wida\u0107, mimo kiepskiej oferty w postaci jedynie dw\u00f3ch par poci\u0105g\u00f3w dziennie oraz dzi\u0119ki dobremu skomunikowaniu na stacji pocz\u0105tkowej (ze &#8222;Szrenic\u0105&#8221; z Wroc\u0142awia), pociagi pasa\u017cerskie w tej relacji mia\u0142y sens. Sporo ludzi wsiad\u0142o w Marczowie i D\u0119bowym Gaju &#8211; miejscowo\u015bciach pozbawionych sensownego dojazdu drogowego do miasta powiatowego. [17.07.2004]<\/p>\n<\/div>\n","protected":false},"excerpt":{"rendered":"<p>SA102-001 w\u0142a\u015bnie przyby\u0142 jako poci\u0105g osobowy 22435 z Jeleniej G\u00f3ry. Jak wida\u0107, mimo kiepskiej oferty w postaci jedynie dw\u00f3ch par poci\u0105g\u00f3w dziennie oraz dzi\u0119ki dobremu skomunikowaniu na stacji pocz\u0105tkowej (ze &#8222;Szrenic\u0105&#8221; z Wroc\u0142awia), pociagi pasa\u017cerskie w tej relacji mia\u0142y sens. Sporo ludzi wsiad\u0142o w Marczowie i D\u0119bowym Gaju &#8211; miejscowo\u015bciach pozbawionych sensownego dojazdu drogowego do [&hellip;]<\/p>\n","protected":false},"author":1,"featured_media":5420,"comment_status":"open","ping_status":"","sticky":false,"template":"","format":"standard","meta":{"footnotes":""},"categories":[62,2,61],"tags":[2093,151,2094,63,27,628,363],"class_list":["post-5419","post","type-post","status-publish","format-standard","has-post-thumbnail","hentry","category-analog","category-kolej","category-rok-2004","tag-2004-07-17","tag-ludzie","tag-lwowek-slaski","tag-pkp","tag-polska","tag-sa102","tag-tab-pl250"],"_links":{"self":[{"href":"https:\/\/wgphoto.pl\/t\/index.php?rest_route=\/wp\/v2\/posts\/5419","targetHints":{"allow":["GET"]}}],"collection":[{"href":"https:\/\/wgphoto.pl\/t\/index.php?rest_route=\/wp\/v2\/posts"}],"about":[{"href":"https:\/\/wgphoto.pl\/t\/index.php?rest_route=\/wp\/v2\/types\/post"}],"author":[{"embeddable":true,"href":"https:\/\/wgphoto.pl\/t\/index.php?rest_route=\/wp\/v2\/users\/1"}],"replies":[{"embeddable":true,"href":"https:\/\/wgphoto.pl\/t\/index.php?rest_route=%2Fwp%2Fv2%2Fcomments&post=5419"}],"version-history":[{"count":1,"href":"https:\/\/wgphoto.pl\/t\/index.php?rest_route=\/wp\/v2\/posts\/5419\/revisions"}],"predecessor-version":[{"id":5421,"href":"https:\/\/wgphoto.pl\/t\/index.php?rest_route=\/wp\/v2\/posts\/5419\/revisions\/5421"}],"wp:featuredmedia":[{"embeddable":true,"href":"https:\/\/wgphoto.pl\/t\/index.php?rest_route=\/wp\/v2\/media\/5420"}],"wp:attachment":[{"href":"https:\/\/wgphoto.pl\/t\/index.php?rest_route=%2Fwp%2Fv2%2Fmedia&parent=5419"}],"wp:term":[{"taxonomy":"category","embeddable":true,"href":"https:\/\/wgphoto.pl\/t\/index.php?rest_route=%2Fwp%2Fv2%2Fcategories&post=5419"},{"taxonomy":"post_tag","embeddable":true,"href":"https:\/\/wgphoto.pl\/t\/index.php?rest_route=%2Fwp%2Fv2%2Ftags&post=5419"}],"curies":[{"name":"wp","href":"https:\/\/api.w.org\/{rel}","templated":true}]}}