{"id":5422,"date":"2024-11-10T21:02:20","date_gmt":"2024-11-10T20:02:20","guid":{"rendered":"https:\/\/wgphoto.pl\/t\/?p=5422"},"modified":"2024-11-10T21:02:20","modified_gmt":"2024-11-10T20:02:20","slug":"su45-208-w-jablonowie-pom","status":"publish","type":"post","link":"https:\/\/wgphoto.pl\/t\/?p=5422","title":{"rendered":"SU45-208 w Jab\u0142onowie Pom."},"content":{"rendered":"\n<figure class=\"wp-block-image aligncenter size-full\"><img loading=\"lazy\" decoding=\"async\" width=\"1300\" height=\"859\" src=\"https:\/\/wgphoto.pl\/t\/wp-content\/uploads\/2024\/11\/0413_23_rsn.jpg\" alt=\"\" class=\"wp-image-5423\" srcset=\"https:\/\/wgphoto.pl\/t\/wp-content\/uploads\/2024\/11\/0413_23_rsn.jpg 1300w, https:\/\/wgphoto.pl\/t\/wp-content\/uploads\/2024\/11\/0413_23_rsn-300x198.jpg 300w, https:\/\/wgphoto.pl\/t\/wp-content\/uploads\/2024\/11\/0413_23_rsn-768x507.jpg 768w\" sizes=\"auto, (max-width: 1300px) 100vw, 1300px\" \/><\/figure>\n\n\n\n<div class=\"wp-block-group has-global-padding is-layout-constrained wp-block-group-is-layout-constrained\">\n<p>SU45-208 z poci\u0105giem osobowym 19133 relacji Dzia\u0142dowo &#8211; Grudzi\u0105dz podczas d\u0142u\u017cszego postoju w Jab\u0142onowie Pomorskim, spowodowanym zapewne planowym skomunikowaniem z poci\u0105gami na trasie Toru\u0144 &#8211; I\u0142awa. [19.07.2004]<\/p>\n<\/div>\n","protected":false},"excerpt":{"rendered":"<p>SU45-208 z poci\u0105giem osobowym 19133 relacji Dzia\u0142dowo &#8211; Grudzi\u0105dz podczas d\u0142u\u017cszego postoju w Jab\u0142onowie Pomorskim, spowodowanym zapewne planowym skomunikowaniem z poci\u0105gami na trasie Toru\u0144 &#8211; I\u0142awa. [19.07.2004]<\/p>\n","protected":false},"author":1,"featured_media":5423,"comment_status":"open","ping_status":"","sticky":false,"template":"","format":"standard","meta":{"footnotes":""},"categories":[62,2,61],"tags":[2095,283,2096,27,290,793],"class_list":["post-5422","post","type-post","status-publish","format-standard","has-post-thumbnail","hentry","category-analog","category-kolej","category-rok-2004","tag-2004-07-19","tag-bdhpmnu","tag-jablonowo-pomorskie","tag-polska","tag-su45","tag-tab-pl431"],"_links":{"self":[{"href":"https:\/\/wgphoto.pl\/t\/index.php?rest_route=\/wp\/v2\/posts\/5422","targetHints":{"allow":["GET"]}}],"collection":[{"href":"https:\/\/wgphoto.pl\/t\/index.php?rest_route=\/wp\/v2\/posts"}],"about":[{"href":"https:\/\/wgphoto.pl\/t\/index.php?rest_route=\/wp\/v2\/types\/post"}],"author":[{"embeddable":true,"href":"https:\/\/wgphoto.pl\/t\/index.php?rest_route=\/wp\/v2\/users\/1"}],"replies":[{"embeddable":true,"href":"https:\/\/wgphoto.pl\/t\/index.php?rest_route=%2Fwp%2Fv2%2Fcomments&post=5422"}],"version-history":[{"count":1,"href":"https:\/\/wgphoto.pl\/t\/index.php?rest_route=\/wp\/v2\/posts\/5422\/revisions"}],"predecessor-version":[{"id":5424,"href":"https:\/\/wgphoto.pl\/t\/index.php?rest_route=\/wp\/v2\/posts\/5422\/revisions\/5424"}],"wp:featuredmedia":[{"embeddable":true,"href":"https:\/\/wgphoto.pl\/t\/index.php?rest_route=\/wp\/v2\/media\/5423"}],"wp:attachment":[{"href":"https:\/\/wgphoto.pl\/t\/index.php?rest_route=%2Fwp%2Fv2%2Fmedia&parent=5422"}],"wp:term":[{"taxonomy":"category","embeddable":true,"href":"https:\/\/wgphoto.pl\/t\/index.php?rest_route=%2Fwp%2Fv2%2Fcategories&post=5422"},{"taxonomy":"post_tag","embeddable":true,"href":"https:\/\/wgphoto.pl\/t\/index.php?rest_route=%2Fwp%2Fv2%2Ftags&post=5422"}],"curies":[{"name":"wp","href":"https:\/\/api.w.org\/{rel}","templated":true}]}}