{"id":5428,"date":"2024-11-10T21:04:12","date_gmt":"2024-11-10T20:04:12","guid":{"rendered":"https:\/\/wgphoto.pl\/t\/?p=5428"},"modified":"2024-11-10T21:04:12","modified_gmt":"2024-11-10T20:04:12","slug":"su45-208-w-radoszkach","status":"publish","type":"post","link":"https:\/\/wgphoto.pl\/t\/?p=5428","title":{"rendered":"SU45-208 w Radoszkach"},"content":{"rendered":"\n<figure class=\"wp-block-image aligncenter size-full\"><img loading=\"lazy\" decoding=\"async\" width=\"1300\" height=\"861\" src=\"https:\/\/wgphoto.pl\/t\/wp-content\/uploads\/2024\/11\/0413_20_rsn.jpg\" alt=\"\" class=\"wp-image-5429\" srcset=\"https:\/\/wgphoto.pl\/t\/wp-content\/uploads\/2024\/11\/0413_20_rsn.jpg 1300w, https:\/\/wgphoto.pl\/t\/wp-content\/uploads\/2024\/11\/0413_20_rsn-300x199.jpg 300w, https:\/\/wgphoto.pl\/t\/wp-content\/uploads\/2024\/11\/0413_20_rsn-768x509.jpg 768w\" sizes=\"auto, (max-width: 1300px) 100vw, 1300px\" \/><\/figure>\n\n\n\n<div class=\"wp-block-group has-global-padding is-layout-constrained wp-block-group-is-layout-constrained\">\n<p>SU45-208 z poci\u0105giem osobowym 19133 relacji Dzia\u0142dowo &#8211; Grudzi\u0105dz czeka na stacji Radoszki na krzy\u017cowanie ze sk\u0142adem do Dzia\u0142dowa. [19.07.2004]<\/p>\n<\/div>\n","protected":false},"excerpt":{"rendered":"<p>SU45-208 z poci\u0105giem osobowym 19133 relacji Dzia\u0142dowo &#8211; Grudzi\u0105dz czeka na stacji Radoszki na krzy\u017cowanie ze sk\u0142adem do Dzia\u0142dowa. [19.07.2004]<\/p>\n","protected":false},"author":1,"featured_media":5429,"comment_status":"open","ping_status":"","sticky":false,"template":"","format":"standard","meta":{"footnotes":""},"categories":[62,2,61],"tags":[2095,283,27,2097,290,793],"class_list":["post-5428","post","type-post","status-publish","format-standard","has-post-thumbnail","hentry","category-analog","category-kolej","category-rok-2004","tag-2004-07-19","tag-bdhpmnu","tag-polska","tag-radoszki","tag-su45","tag-tab-pl431"],"_links":{"self":[{"href":"https:\/\/wgphoto.pl\/t\/index.php?rest_route=\/wp\/v2\/posts\/5428","targetHints":{"allow":["GET"]}}],"collection":[{"href":"https:\/\/wgphoto.pl\/t\/index.php?rest_route=\/wp\/v2\/posts"}],"about":[{"href":"https:\/\/wgphoto.pl\/t\/index.php?rest_route=\/wp\/v2\/types\/post"}],"author":[{"embeddable":true,"href":"https:\/\/wgphoto.pl\/t\/index.php?rest_route=\/wp\/v2\/users\/1"}],"replies":[{"embeddable":true,"href":"https:\/\/wgphoto.pl\/t\/index.php?rest_route=%2Fwp%2Fv2%2Fcomments&post=5428"}],"version-history":[{"count":1,"href":"https:\/\/wgphoto.pl\/t\/index.php?rest_route=\/wp\/v2\/posts\/5428\/revisions"}],"predecessor-version":[{"id":5430,"href":"https:\/\/wgphoto.pl\/t\/index.php?rest_route=\/wp\/v2\/posts\/5428\/revisions\/5430"}],"wp:featuredmedia":[{"embeddable":true,"href":"https:\/\/wgphoto.pl\/t\/index.php?rest_route=\/wp\/v2\/media\/5429"}],"wp:attachment":[{"href":"https:\/\/wgphoto.pl\/t\/index.php?rest_route=%2Fwp%2Fv2%2Fmedia&parent=5428"}],"wp:term":[{"taxonomy":"category","embeddable":true,"href":"https:\/\/wgphoto.pl\/t\/index.php?rest_route=%2Fwp%2Fv2%2Fcategories&post=5428"},{"taxonomy":"post_tag","embeddable":true,"href":"https:\/\/wgphoto.pl\/t\/index.php?rest_route=%2Fwp%2Fv2%2Ftags&post=5428"}],"curies":[{"name":"wp","href":"https:\/\/api.w.org\/{rel}","templated":true}]}}