{"id":5431,"date":"2024-11-10T21:05:06","date_gmt":"2024-11-10T20:05:06","guid":{"rendered":"https:\/\/wgphoto.pl\/t\/?p=5431"},"modified":"2024-11-10T21:05:06","modified_gmt":"2024-11-10T20:05:06","slug":"su45-208-w-dzialdowie","status":"publish","type":"post","link":"https:\/\/wgphoto.pl\/t\/?p=5431","title":{"rendered":"SU45-208 w Dzia\u0142dowie"},"content":{"rendered":"\n<figure class=\"wp-block-image aligncenter size-full\"><img loading=\"lazy\" decoding=\"async\" width=\"1299\" height=\"845\" src=\"https:\/\/wgphoto.pl\/t\/wp-content\/uploads\/2024\/11\/0413_19_rsn.jpg\" alt=\"\" class=\"wp-image-5432\" srcset=\"https:\/\/wgphoto.pl\/t\/wp-content\/uploads\/2024\/11\/0413_19_rsn.jpg 1299w, https:\/\/wgphoto.pl\/t\/wp-content\/uploads\/2024\/11\/0413_19_rsn-300x195.jpg 300w, https:\/\/wgphoto.pl\/t\/wp-content\/uploads\/2024\/11\/0413_19_rsn-768x500.jpg 768w\" sizes=\"auto, (max-width: 1299px) 100vw, 1299px\" \/><\/figure>\n\n\n\n<div class=\"wp-block-group has-global-padding is-layout-constrained wp-block-group-is-layout-constrained\">\n<p>SU45-208 z poci\u0105giem osobowym 19133 do Grudzi\u0105dza przy peronie 3 w Dzia\u0142dowie. W tle stoi EN57-1950 jako osobowy 51436 do Warszawy Zachodniej. [19.07.2004]<\/p>\n<\/div>\n","protected":false},"excerpt":{"rendered":"<p>SU45-208 z poci\u0105giem osobowym 19133 do Grudzi\u0105dza przy peronie 3 w Dzia\u0142dowie. W tle stoi EN57-1950 jako osobowy 51436 do Warszawy Zachodniej. [19.07.2004]<\/p>\n","protected":false},"author":1,"featured_media":5432,"comment_status":"open","ping_status":"","sticky":false,"template":"","format":"standard","meta":{"footnotes":""},"categories":[62,2,61],"tags":[2095,283,2098,132,24,27,290,793],"class_list":["post-5431","post","type-post","status-publish","format-standard","has-post-thumbnail","hentry","category-analog","category-kolej","category-rok-2004","tag-2004-07-19","tag-bdhpmnu","tag-dzialdowo","tag-en57","tag-perony","tag-polska","tag-su45","tag-tab-pl431"],"_links":{"self":[{"href":"https:\/\/wgphoto.pl\/t\/index.php?rest_route=\/wp\/v2\/posts\/5431","targetHints":{"allow":["GET"]}}],"collection":[{"href":"https:\/\/wgphoto.pl\/t\/index.php?rest_route=\/wp\/v2\/posts"}],"about":[{"href":"https:\/\/wgphoto.pl\/t\/index.php?rest_route=\/wp\/v2\/types\/post"}],"author":[{"embeddable":true,"href":"https:\/\/wgphoto.pl\/t\/index.php?rest_route=\/wp\/v2\/users\/1"}],"replies":[{"embeddable":true,"href":"https:\/\/wgphoto.pl\/t\/index.php?rest_route=%2Fwp%2Fv2%2Fcomments&post=5431"}],"version-history":[{"count":1,"href":"https:\/\/wgphoto.pl\/t\/index.php?rest_route=\/wp\/v2\/posts\/5431\/revisions"}],"predecessor-version":[{"id":5433,"href":"https:\/\/wgphoto.pl\/t\/index.php?rest_route=\/wp\/v2\/posts\/5431\/revisions\/5433"}],"wp:featuredmedia":[{"embeddable":true,"href":"https:\/\/wgphoto.pl\/t\/index.php?rest_route=\/wp\/v2\/media\/5432"}],"wp:attachment":[{"href":"https:\/\/wgphoto.pl\/t\/index.php?rest_route=%2Fwp%2Fv2%2Fmedia&parent=5431"}],"wp:term":[{"taxonomy":"category","embeddable":true,"href":"https:\/\/wgphoto.pl\/t\/index.php?rest_route=%2Fwp%2Fv2%2Fcategories&post=5431"},{"taxonomy":"post_tag","embeddable":true,"href":"https:\/\/wgphoto.pl\/t\/index.php?rest_route=%2Fwp%2Fv2%2Ftags&post=5431"}],"curies":[{"name":"wp","href":"https:\/\/api.w.org\/{rel}","templated":true}]}}