{"id":5434,"date":"2024-11-10T21:06:02","date_gmt":"2024-11-10T20:06:02","guid":{"rendered":"https:\/\/wgphoto.pl\/t\/?p=5434"},"modified":"2024-11-10T21:06:02","modified_gmt":"2024-11-10T20:06:02","slug":"kumulacja-w-brodnicy","status":"publish","type":"post","link":"https:\/\/wgphoto.pl\/t\/?p=5434","title":{"rendered":"Kumulacja w Brodnicy"},"content":{"rendered":"\n<figure class=\"wp-block-image aligncenter size-full\"><img loading=\"lazy\" decoding=\"async\" width=\"1300\" height=\"851\" src=\"https:\/\/wgphoto.pl\/t\/wp-content\/uploads\/2024\/11\/0413_17_rsn.jpg\" alt=\"\" class=\"wp-image-5435\" srcset=\"https:\/\/wgphoto.pl\/t\/wp-content\/uploads\/2024\/11\/0413_17_rsn.jpg 1300w, https:\/\/wgphoto.pl\/t\/wp-content\/uploads\/2024\/11\/0413_17_rsn-300x196.jpg 300w, https:\/\/wgphoto.pl\/t\/wp-content\/uploads\/2024\/11\/0413_17_rsn-768x503.jpg 768w\" sizes=\"auto, (max-width: 1300px) 100vw, 1300px\" \/><\/figure>\n\n\n\n<div class=\"wp-block-group has-global-padding is-layout-constrained wp-block-group-is-layout-constrained\">\n<p>Polsat SU42-518 sko\u0144czy\u0142 w Brodnicy bieg z poci\u0105giem osobowym 19124 z Grudzi\u0105dza. Obok do odjazdu szykuje si\u0119 SU45-208 z poci\u0105giem 19024 do Dzia\u0142dowa, kt\u00f3ry to sk\u0142ad b\u0119dzie bohaterem kilku najbli\u017cszych zdj\u0119\u0107. [19.07.2004]<\/p>\n<\/div>\n","protected":false},"excerpt":{"rendered":"<p>Polsat SU42-518 sko\u0144czy\u0142 w Brodnicy bieg z poci\u0105giem osobowym 19124 z Grudzi\u0105dza. Obok do odjazdu szykuje si\u0119 SU45-208 z poci\u0105giem 19024 do Dzia\u0142dowa, kt\u00f3ry to sk\u0142ad b\u0119dzie bohaterem kilku najbli\u017cszych zdj\u0119\u0107. [19.07.2004]<\/p>\n","protected":false},"author":1,"featured_media":5435,"comment_status":"open","ping_status":"","sticky":false,"template":"","format":"standard","meta":{"footnotes":""},"categories":[62,2,61],"tags":[2095,283,2099,151,27,250,290,793],"class_list":["post-5434","post","type-post","status-publish","format-standard","has-post-thumbnail","hentry","category-analog","category-kolej","category-rok-2004","tag-2004-07-19","tag-bdhpmnu","tag-brodnica","tag-ludzie","tag-polska","tag-su42","tag-su45","tag-tab-pl431"],"_links":{"self":[{"href":"https:\/\/wgphoto.pl\/t\/index.php?rest_route=\/wp\/v2\/posts\/5434","targetHints":{"allow":["GET"]}}],"collection":[{"href":"https:\/\/wgphoto.pl\/t\/index.php?rest_route=\/wp\/v2\/posts"}],"about":[{"href":"https:\/\/wgphoto.pl\/t\/index.php?rest_route=\/wp\/v2\/types\/post"}],"author":[{"embeddable":true,"href":"https:\/\/wgphoto.pl\/t\/index.php?rest_route=\/wp\/v2\/users\/1"}],"replies":[{"embeddable":true,"href":"https:\/\/wgphoto.pl\/t\/index.php?rest_route=%2Fwp%2Fv2%2Fcomments&post=5434"}],"version-history":[{"count":1,"href":"https:\/\/wgphoto.pl\/t\/index.php?rest_route=\/wp\/v2\/posts\/5434\/revisions"}],"predecessor-version":[{"id":5436,"href":"https:\/\/wgphoto.pl\/t\/index.php?rest_route=\/wp\/v2\/posts\/5434\/revisions\/5436"}],"wp:featuredmedia":[{"embeddable":true,"href":"https:\/\/wgphoto.pl\/t\/index.php?rest_route=\/wp\/v2\/media\/5435"}],"wp:attachment":[{"href":"https:\/\/wgphoto.pl\/t\/index.php?rest_route=%2Fwp%2Fv2%2Fmedia&parent=5434"}],"wp:term":[{"taxonomy":"category","embeddable":true,"href":"https:\/\/wgphoto.pl\/t\/index.php?rest_route=%2Fwp%2Fv2%2Fcategories&post=5434"},{"taxonomy":"post_tag","embeddable":true,"href":"https:\/\/wgphoto.pl\/t\/index.php?rest_route=%2Fwp%2Fv2%2Ftags&post=5434"}],"curies":[{"name":"wp","href":"https:\/\/api.w.org\/{rel}","templated":true}]}}