{"id":5437,"date":"2024-11-10T21:07:26","date_gmt":"2024-11-10T20:07:26","guid":{"rendered":"https:\/\/wgphoto.pl\/t\/?p=5437"},"modified":"2024-11-10T21:07:26","modified_gmt":"2024-11-10T20:07:26","slug":"pod-niemieckim-familokiem","status":"publish","type":"post","link":"https:\/\/wgphoto.pl\/t\/?p=5437","title":{"rendered":"Pod niemieckim familokiem"},"content":{"rendered":"\n<figure class=\"wp-block-image aligncenter size-full\"><img loading=\"lazy\" decoding=\"async\" width=\"1300\" height=\"861\" src=\"https:\/\/wgphoto.pl\/t\/wp-content\/uploads\/2024\/11\/IMGP4675-1.jpg\" alt=\"\" class=\"wp-image-5438\" srcset=\"https:\/\/wgphoto.pl\/t\/wp-content\/uploads\/2024\/11\/IMGP4675-1.jpg 1300w, https:\/\/wgphoto.pl\/t\/wp-content\/uploads\/2024\/11\/IMGP4675-1-300x199.jpg 300w, https:\/\/wgphoto.pl\/t\/wp-content\/uploads\/2024\/11\/IMGP4675-1-768x509.jpg 768w\" sizes=\"auto, (max-width: 1300px) 100vw, 1300px\" \/><\/figure>\n\n\n\n<div class=\"wp-block-group has-global-padding is-layout-constrained wp-block-group-is-layout-constrained\">\n<p>Essen, Katernberger Stra\u00dfe. M8D-NF 1534 (produkcji DWA z 2001 roku) mija osiedle Ottekampshof w dzielnicy Katernberg, tu\u017c przed granic\u0105 z Gelsenkirchen, kt\u00f3ra przebiega po wiadukcie, z kt\u00f3rego wykonano foto. [20.09.2023]<\/p>\n<\/div>\n","protected":false},"excerpt":{"rendered":"<p>Essen, Katernberger Stra\u00dfe. M8D-NF 1534 (produkcji DWA z 2001 roku) mija osiedle Ottekampshof w dzielnicy Katernberg, tu\u017c przed granic\u0105 z Gelsenkirchen, kt\u00f3ra przebiega po wiadukcie, z kt\u00f3rego wykonano foto. [20.09.2023]<\/p>\n","protected":false},"author":1,"featured_media":5438,"comment_status":"open","ping_status":"","sticky":false,"template":"","format":"standard","meta":{"footnotes":""},"categories":[6,3],"tags":[2100,34,1126,559,2102,23,2101,2103],"class_list":["post-5437","post","type-post","status-publish","format-standard","has-post-thumbnail","hentry","category-2023r","category-tramwaj","tag-2023-09-20","tag-architektura","tag-bombardier-flexity-classic","tag-d-ticket-2023","tag-essen","tag-niemcy","tag-ruhrbahn-essen","tag-zaglebie-ruhry"],"_links":{"self":[{"href":"https:\/\/wgphoto.pl\/t\/index.php?rest_route=\/wp\/v2\/posts\/5437","targetHints":{"allow":["GET"]}}],"collection":[{"href":"https:\/\/wgphoto.pl\/t\/index.php?rest_route=\/wp\/v2\/posts"}],"about":[{"href":"https:\/\/wgphoto.pl\/t\/index.php?rest_route=\/wp\/v2\/types\/post"}],"author":[{"embeddable":true,"href":"https:\/\/wgphoto.pl\/t\/index.php?rest_route=\/wp\/v2\/users\/1"}],"replies":[{"embeddable":true,"href":"https:\/\/wgphoto.pl\/t\/index.php?rest_route=%2Fwp%2Fv2%2Fcomments&post=5437"}],"version-history":[{"count":1,"href":"https:\/\/wgphoto.pl\/t\/index.php?rest_route=\/wp\/v2\/posts\/5437\/revisions"}],"predecessor-version":[{"id":5439,"href":"https:\/\/wgphoto.pl\/t\/index.php?rest_route=\/wp\/v2\/posts\/5437\/revisions\/5439"}],"wp:featuredmedia":[{"embeddable":true,"href":"https:\/\/wgphoto.pl\/t\/index.php?rest_route=\/wp\/v2\/media\/5438"}],"wp:attachment":[{"href":"https:\/\/wgphoto.pl\/t\/index.php?rest_route=%2Fwp%2Fv2%2Fmedia&parent=5437"}],"wp:term":[{"taxonomy":"category","embeddable":true,"href":"https:\/\/wgphoto.pl\/t\/index.php?rest_route=%2Fwp%2Fv2%2Fcategories&post=5437"},{"taxonomy":"post_tag","embeddable":true,"href":"https:\/\/wgphoto.pl\/t\/index.php?rest_route=%2Fwp%2Fv2%2Ftags&post=5437"}],"curies":[{"name":"wp","href":"https:\/\/api.w.org\/{rel}","templated":true}]}}