{"id":5440,"date":"2024-11-10T21:08:27","date_gmt":"2024-11-10T20:08:27","guid":{"rendered":"https:\/\/wgphoto.pl\/t\/?p=5440"},"modified":"2024-11-10T21:08:27","modified_gmt":"2024-11-10T20:08:27","slug":"tarnowskie-gory","status":"publish","type":"post","link":"https:\/\/wgphoto.pl\/t\/?p=5440","title":{"rendered":"Tarnowskie G\u00f3ry"},"content":{"rendered":"\n<figure class=\"wp-block-image aligncenter size-full\"><img loading=\"lazy\" decoding=\"async\" width=\"1300\" height=\"861\" src=\"https:\/\/wgphoto.pl\/t\/wp-content\/uploads\/2024\/11\/2002q-07_rsn.jpg\" alt=\"\" class=\"wp-image-5441\" srcset=\"https:\/\/wgphoto.pl\/t\/wp-content\/uploads\/2024\/11\/2002q-07_rsn.jpg 1300w, https:\/\/wgphoto.pl\/t\/wp-content\/uploads\/2024\/11\/2002q-07_rsn-300x199.jpg 300w, https:\/\/wgphoto.pl\/t\/wp-content\/uploads\/2024\/11\/2002q-07_rsn-768x509.jpg 768w\" sizes=\"auto, (max-width: 1300px) 100vw, 1300px\" \/><\/figure>\n\n\n\n<div class=\"wp-block-group has-global-padding is-layout-constrained wp-block-group-is-layout-constrained\">\n<p>ET22-1153 z herbem Tarnowskich G\u00f3r na burcie mija perony tej\u017ce w\u0142a\u015bnie stacji. Nie spotka\u0142em si\u0119 w tamtych czasach z podobnymi ozdobami na innych lokomotywach, je\u015bli ju\u017c to ogranicza\u0142y si\u0119 do ozd\u00f3b na czo\u0142ach. [08.07.2002]<\/p>\n<\/div>\n","protected":false},"excerpt":{"rendered":"<p>ET22-1153 z herbem Tarnowskich G\u00f3r na burcie mija perony tej\u017ce w\u0142a\u015bnie stacji. Nie spotka\u0142em si\u0119 w tamtych czasach z podobnymi ozdobami na innych lokomotywach, je\u015bli ju\u017c to ogranicza\u0142y si\u0119 do ozd\u00f3b na czo\u0142ach. [08.07.2002]<\/p>\n","protected":false},"author":1,"featured_media":5441,"comment_status":"open","ping_status":"","sticky":false,"template":"","format":"standard","meta":{"footnotes":""},"categories":[62,2,577],"tags":[2104,26,63,27,2106,2105],"class_list":["post-5440","post","type-post","status-publish","format-standard","has-post-thumbnail","hentry","category-analog","category-kolej","category-rok-2002","tag-2002-07-08","tag-et22","tag-pkp","tag-polska","tag-tab-pl180","tag-tarnowskie-gory"],"_links":{"self":[{"href":"https:\/\/wgphoto.pl\/t\/index.php?rest_route=\/wp\/v2\/posts\/5440","targetHints":{"allow":["GET"]}}],"collection":[{"href":"https:\/\/wgphoto.pl\/t\/index.php?rest_route=\/wp\/v2\/posts"}],"about":[{"href":"https:\/\/wgphoto.pl\/t\/index.php?rest_route=\/wp\/v2\/types\/post"}],"author":[{"embeddable":true,"href":"https:\/\/wgphoto.pl\/t\/index.php?rest_route=\/wp\/v2\/users\/1"}],"replies":[{"embeddable":true,"href":"https:\/\/wgphoto.pl\/t\/index.php?rest_route=%2Fwp%2Fv2%2Fcomments&post=5440"}],"version-history":[{"count":1,"href":"https:\/\/wgphoto.pl\/t\/index.php?rest_route=\/wp\/v2\/posts\/5440\/revisions"}],"predecessor-version":[{"id":5442,"href":"https:\/\/wgphoto.pl\/t\/index.php?rest_route=\/wp\/v2\/posts\/5440\/revisions\/5442"}],"wp:featuredmedia":[{"embeddable":true,"href":"https:\/\/wgphoto.pl\/t\/index.php?rest_route=\/wp\/v2\/media\/5441"}],"wp:attachment":[{"href":"https:\/\/wgphoto.pl\/t\/index.php?rest_route=%2Fwp%2Fv2%2Fmedia&parent=5440"}],"wp:term":[{"taxonomy":"category","embeddable":true,"href":"https:\/\/wgphoto.pl\/t\/index.php?rest_route=%2Fwp%2Fv2%2Fcategories&post=5440"},{"taxonomy":"post_tag","embeddable":true,"href":"https:\/\/wgphoto.pl\/t\/index.php?rest_route=%2Fwp%2Fv2%2Ftags&post=5440"}],"curies":[{"name":"wp","href":"https:\/\/api.w.org\/{rel}","templated":true}]}}