{"id":5449,"date":"2024-11-10T21:11:18","date_gmt":"2024-11-10T20:11:18","guid":{"rendered":"https:\/\/wgphoto.pl\/t\/?p=5449"},"modified":"2024-11-10T21:11:18","modified_gmt":"2024-11-10T20:11:18","slug":"102na-2058","status":"publish","type":"post","link":"https:\/\/wgphoto.pl\/t\/?p=5449","title":{"rendered":"102Na 2058"},"content":{"rendered":"\n<figure class=\"wp-block-image aligncenter size-full\"><img loading=\"lazy\" decoding=\"async\" width=\"800\" height=\"1000\" src=\"https:\/\/wgphoto.pl\/t\/wp-content\/uploads\/2024\/11\/0514-20_rsn.jpg\" alt=\"\" class=\"wp-image-5450\" srcset=\"https:\/\/wgphoto.pl\/t\/wp-content\/uploads\/2024\/11\/0514-20_rsn.jpg 800w, https:\/\/wgphoto.pl\/t\/wp-content\/uploads\/2024\/11\/0514-20_rsn-240x300.jpg 240w, https:\/\/wgphoto.pl\/t\/wp-content\/uploads\/2024\/11\/0514-20_rsn-768x960.jpg 768w\" sizes=\"auto, (max-width: 800px) 100vw, 800px\" \/><\/figure>\n\n\n\n<div class=\"wp-block-group has-global-padding is-layout-constrained wp-block-group-is-layout-constrained\">\n<p>Wroc\u0142aw, ul. marsz. J\u00f3zefa Pi\u0142sudskiego, 102Na 2058. Nawierzchnia na przeje\u017adzie przez torowisko wydaje si\u0119 nowa, ale ten odcinek wyremontowano ponownie przed 2011 rokiem i uruchomieniem linii 31\/32. [07.07.2005]<\/p>\n<\/div>\n","protected":false},"excerpt":{"rendered":"<p>Wroc\u0142aw, ul. marsz. J\u00f3zefa Pi\u0142sudskiego, 102Na 2058. Nawierzchnia na przeje\u017adzie przez torowisko wydaje si\u0119 nowa, ale ten odcinek wyremontowano ponownie przed 2011 rokiem i uruchomieniem linii 31\/32. [07.07.2005]<\/p>\n","protected":false},"author":1,"featured_media":5450,"comment_status":"open","ping_status":"","sticky":false,"template":"","format":"standard","meta":{"footnotes":""},"categories":[62,128,311,3],"tags":[2107,309,42,27,41],"class_list":["post-5449","post","type-post","status-publish","format-standard","has-post-thumbnail","hentry","category-analog","category-pionowe","category-rok-2005","category-tramwaj","tag-2005-07-07","tag-konstal-102na","tag-mpk-wroclaw","tag-polska","tag-wroclaw"],"_links":{"self":[{"href":"https:\/\/wgphoto.pl\/t\/index.php?rest_route=\/wp\/v2\/posts\/5449","targetHints":{"allow":["GET"]}}],"collection":[{"href":"https:\/\/wgphoto.pl\/t\/index.php?rest_route=\/wp\/v2\/posts"}],"about":[{"href":"https:\/\/wgphoto.pl\/t\/index.php?rest_route=\/wp\/v2\/types\/post"}],"author":[{"embeddable":true,"href":"https:\/\/wgphoto.pl\/t\/index.php?rest_route=\/wp\/v2\/users\/1"}],"replies":[{"embeddable":true,"href":"https:\/\/wgphoto.pl\/t\/index.php?rest_route=%2Fwp%2Fv2%2Fcomments&post=5449"}],"version-history":[{"count":1,"href":"https:\/\/wgphoto.pl\/t\/index.php?rest_route=\/wp\/v2\/posts\/5449\/revisions"}],"predecessor-version":[{"id":5451,"href":"https:\/\/wgphoto.pl\/t\/index.php?rest_route=\/wp\/v2\/posts\/5449\/revisions\/5451"}],"wp:featuredmedia":[{"embeddable":true,"href":"https:\/\/wgphoto.pl\/t\/index.php?rest_route=\/wp\/v2\/media\/5450"}],"wp:attachment":[{"href":"https:\/\/wgphoto.pl\/t\/index.php?rest_route=%2Fwp%2Fv2%2Fmedia&parent=5449"}],"wp:term":[{"taxonomy":"category","embeddable":true,"href":"https:\/\/wgphoto.pl\/t\/index.php?rest_route=%2Fwp%2Fv2%2Fcategories&post=5449"},{"taxonomy":"post_tag","embeddable":true,"href":"https:\/\/wgphoto.pl\/t\/index.php?rest_route=%2Fwp%2Fv2%2Ftags&post=5449"}],"curies":[{"name":"wp","href":"https:\/\/api.w.org\/{rel}","templated":true}]}}