{"id":5452,"date":"2024-11-10T21:12:13","date_gmt":"2024-11-10T20:12:13","guid":{"rendered":"https:\/\/wgphoto.pl\/t\/?p=5452"},"modified":"2024-11-10T21:12:13","modified_gmt":"2024-11-10T20:12:13","slug":"102na-2076","status":"publish","type":"post","link":"https:\/\/wgphoto.pl\/t\/?p=5452","title":{"rendered":"102Na 2076"},"content":{"rendered":"\n<figure class=\"wp-block-image aligncenter size-full\"><img loading=\"lazy\" decoding=\"async\" width=\"1300\" height=\"813\" src=\"https:\/\/wgphoto.pl\/t\/wp-content\/uploads\/2024\/11\/0514-19_rsn.jpg\" alt=\"\" class=\"wp-image-5453\" srcset=\"https:\/\/wgphoto.pl\/t\/wp-content\/uploads\/2024\/11\/0514-19_rsn.jpg 1300w, https:\/\/wgphoto.pl\/t\/wp-content\/uploads\/2024\/11\/0514-19_rsn-300x188.jpg 300w, https:\/\/wgphoto.pl\/t\/wp-content\/uploads\/2024\/11\/0514-19_rsn-768x480.jpg 768w\" sizes=\"auto, (max-width: 1300px) 100vw, 1300px\" \/><\/figure>\n\n\n\n<div class=\"wp-block-group has-global-padding is-layout-constrained wp-block-group-is-layout-constrained\">\n<p>Wroc\u0142aw, ul. marsz. J\u00f3zefa Pi\u0142sudskiego. 102Na 2076 zbli\u017ca si\u0119 do pl. Legion\u00f3w, jad\u0105c zapewne typowym, bezsensownie zakr\u0119conym objazdem dla linii 5, od Arkad przez \u015awidnick\u0105, Podwale, pl. Orl\u0105t Lwowskich, kt\u00f3rego przyczyn\u0105 by\u0142a, zdaje si\u0119 (po innych zdj\u0119ciach s\u0105dz\u0105c), wymiana krzy\u017cownic na Arkadach. [07.07.2005]<\/p>\n<\/div>\n","protected":false},"excerpt":{"rendered":"<p>Wroc\u0142aw, ul. marsz. J\u00f3zefa Pi\u0142sudskiego. 102Na 2076 zbli\u017ca si\u0119 do pl. Legion\u00f3w, jad\u0105c zapewne typowym, bezsensownie zakr\u0119conym objazdem dla linii 5, od Arkad przez \u015awidnick\u0105, Podwale, pl. Orl\u0105t Lwowskich, kt\u00f3rego przyczyn\u0105 by\u0142a, zdaje si\u0119 (po innych zdj\u0119ciach s\u0105dz\u0105c), wymiana krzy\u017cownic na Arkadach. [07.07.2005]<\/p>\n","protected":false},"author":1,"featured_media":5453,"comment_status":"open","ping_status":"","sticky":false,"template":"","format":"standard","meta":{"footnotes":""},"categories":[62,311,3],"tags":[2107,309,42,27,41],"class_list":["post-5452","post","type-post","status-publish","format-standard","has-post-thumbnail","hentry","category-analog","category-rok-2005","category-tramwaj","tag-2005-07-07","tag-konstal-102na","tag-mpk-wroclaw","tag-polska","tag-wroclaw"],"_links":{"self":[{"href":"https:\/\/wgphoto.pl\/t\/index.php?rest_route=\/wp\/v2\/posts\/5452","targetHints":{"allow":["GET"]}}],"collection":[{"href":"https:\/\/wgphoto.pl\/t\/index.php?rest_route=\/wp\/v2\/posts"}],"about":[{"href":"https:\/\/wgphoto.pl\/t\/index.php?rest_route=\/wp\/v2\/types\/post"}],"author":[{"embeddable":true,"href":"https:\/\/wgphoto.pl\/t\/index.php?rest_route=\/wp\/v2\/users\/1"}],"replies":[{"embeddable":true,"href":"https:\/\/wgphoto.pl\/t\/index.php?rest_route=%2Fwp%2Fv2%2Fcomments&post=5452"}],"version-history":[{"count":1,"href":"https:\/\/wgphoto.pl\/t\/index.php?rest_route=\/wp\/v2\/posts\/5452\/revisions"}],"predecessor-version":[{"id":5454,"href":"https:\/\/wgphoto.pl\/t\/index.php?rest_route=\/wp\/v2\/posts\/5452\/revisions\/5454"}],"wp:featuredmedia":[{"embeddable":true,"href":"https:\/\/wgphoto.pl\/t\/index.php?rest_route=\/wp\/v2\/media\/5453"}],"wp:attachment":[{"href":"https:\/\/wgphoto.pl\/t\/index.php?rest_route=%2Fwp%2Fv2%2Fmedia&parent=5452"}],"wp:term":[{"taxonomy":"category","embeddable":true,"href":"https:\/\/wgphoto.pl\/t\/index.php?rest_route=%2Fwp%2Fv2%2Fcategories&post=5452"},{"taxonomy":"post_tag","embeddable":true,"href":"https:\/\/wgphoto.pl\/t\/index.php?rest_route=%2Fwp%2Fv2%2Ftags&post=5452"}],"curies":[{"name":"wp","href":"https:\/\/api.w.org\/{rel}","templated":true}]}}