{"id":5461,"date":"2024-11-10T21:15:14","date_gmt":"2024-11-10T20:15:14","guid":{"rendered":"https:\/\/wgphoto.pl\/t\/?p=5461"},"modified":"2024-11-10T21:15:14","modified_gmt":"2024-11-10T20:15:14","slug":"tramwajem-bez-sieci","status":"publish","type":"post","link":"https:\/\/wgphoto.pl\/t\/?p=5461","title":{"rendered":"Tramwajem bez sieci"},"content":{"rendered":"\n<figure class=\"wp-block-image aligncenter size-full\"><img loading=\"lazy\" decoding=\"async\" width=\"1299\" height=\"812\" src=\"https:\/\/wgphoto.pl\/t\/wp-content\/uploads\/2024\/11\/IMGP3706.jpg\" alt=\"\" class=\"wp-image-5462\" srcset=\"https:\/\/wgphoto.pl\/t\/wp-content\/uploads\/2024\/11\/IMGP3706.jpg 1299w, https:\/\/wgphoto.pl\/t\/wp-content\/uploads\/2024\/11\/IMGP3706-300x188.jpg 300w, https:\/\/wgphoto.pl\/t\/wp-content\/uploads\/2024\/11\/IMGP3706-768x480.jpg 768w\" sizes=\"auto, (max-width: 1299px) 100vw, 1299px\" \/><\/figure>\n\n\n\n<div class=\"wp-block-group has-global-padding is-layout-constrained wp-block-group-is-layout-constrained\">\n<p>Combino Duo nr 203 zatrzymuje si\u0119 na przystanku Ilfeld Schreiberwiese, o\u015bwietlane niskim ju\u017c, ostrym, wrze\u015bniowym s\u0142o\u0144cem. [15.09.2023]<\/p>\n<\/div>\n","protected":false},"excerpt":{"rendered":"<p>Combino Duo nr 203 zatrzymuje si\u0119 na przystanku Ilfeld Schreiberwiese, o\u015bwietlane niskim ju\u017c, ostrym, wrze\u015bniowym s\u0142o\u0144cem. [15.09.2023]<\/p>\n","protected":false},"author":1,"featured_media":5462,"comment_status":"open","ping_status":"","sticky":false,"template":"","format":"standard","meta":{"footnotes":""},"categories":[6,3],"tags":[2110,1986,559,2112,23,381,1153,2111],"class_list":["post-5461","post","type-post","status-publish","format-standard","has-post-thumbnail","hentry","category-2023r","category-tramwaj","tag-2023-09-15","tag-bez-sieci","tag-d-ticket-2023","tag-ilfeld","tag-niemcy","tag-siemens-combino","tag-tramwaj-regionalny","tag-vb-nordhausen"],"_links":{"self":[{"href":"https:\/\/wgphoto.pl\/t\/index.php?rest_route=\/wp\/v2\/posts\/5461","targetHints":{"allow":["GET"]}}],"collection":[{"href":"https:\/\/wgphoto.pl\/t\/index.php?rest_route=\/wp\/v2\/posts"}],"about":[{"href":"https:\/\/wgphoto.pl\/t\/index.php?rest_route=\/wp\/v2\/types\/post"}],"author":[{"embeddable":true,"href":"https:\/\/wgphoto.pl\/t\/index.php?rest_route=\/wp\/v2\/users\/1"}],"replies":[{"embeddable":true,"href":"https:\/\/wgphoto.pl\/t\/index.php?rest_route=%2Fwp%2Fv2%2Fcomments&post=5461"}],"version-history":[{"count":1,"href":"https:\/\/wgphoto.pl\/t\/index.php?rest_route=\/wp\/v2\/posts\/5461\/revisions"}],"predecessor-version":[{"id":5463,"href":"https:\/\/wgphoto.pl\/t\/index.php?rest_route=\/wp\/v2\/posts\/5461\/revisions\/5463"}],"wp:featuredmedia":[{"embeddable":true,"href":"https:\/\/wgphoto.pl\/t\/index.php?rest_route=\/wp\/v2\/media\/5462"}],"wp:attachment":[{"href":"https:\/\/wgphoto.pl\/t\/index.php?rest_route=%2Fwp%2Fv2%2Fmedia&parent=5461"}],"wp:term":[{"taxonomy":"category","embeddable":true,"href":"https:\/\/wgphoto.pl\/t\/index.php?rest_route=%2Fwp%2Fv2%2Fcategories&post=5461"},{"taxonomy":"post_tag","embeddable":true,"href":"https:\/\/wgphoto.pl\/t\/index.php?rest_route=%2Fwp%2Fv2%2Ftags&post=5461"}],"curies":[{"name":"wp","href":"https:\/\/api.w.org\/{rel}","templated":true}]}}