{"id":5473,"date":"2024-11-10T21:20:45","date_gmt":"2024-11-10T20:20:45","guid":{"rendered":"https:\/\/wgphoto.pl\/t\/?p=5473"},"modified":"2024-11-10T21:20:45","modified_gmt":"2024-11-10T20:20:45","slug":"moravany-na-niebiesko","status":"publish","type":"post","link":"https:\/\/wgphoto.pl\/t\/?p=5473","title":{"rendered":"Moravany na niebiesko"},"content":{"rendered":"\n<figure class=\"wp-block-image aligncenter size-full\"><img loading=\"lazy\" decoding=\"async\" width=\"1300\" height=\"870\" src=\"https:\/\/wgphoto.pl\/t\/wp-content\/uploads\/2024\/11\/IMGP7904.jpg\" alt=\"\" class=\"wp-image-5474\" srcset=\"https:\/\/wgphoto.pl\/t\/wp-content\/uploads\/2024\/11\/IMGP7904.jpg 1300w, https:\/\/wgphoto.pl\/t\/wp-content\/uploads\/2024\/11\/IMGP7904-300x201.jpg 300w, https:\/\/wgphoto.pl\/t\/wp-content\/uploads\/2024\/11\/IMGP7904-768x514.jpg 768w\" sizes=\"auto, (max-width: 1300px) 100vw, 1300px\" \/><\/figure>\n\n\n\n<div class=\"wp-block-group has-global-padding is-layout-constrained wp-block-group-is-layout-constrained\">\n<p>Eso 363.030-8 z poci\u0105giem osobowym 5027 Pardubice hl.n. &#8211; \u010cesk\u00e1 T\u0159ebov\u00e1 zatrzymuje si\u0119 w Moravanach. Niskie i w\u0105skie perony mi\u0119dzy torem g\u0142\u00f3wnym a biudynkiem stacyjnym by\u0142y w\u00f3wczas standardem na czeskich magistralach, dopiero par\u0119 lat p\u00f3\u017aniej zacz\u0119to budowa\u0107 wy\u0142\u0105cznie wysokie perony. [23.07.2009]<\/p>\n<\/div>\n","protected":false},"excerpt":{"rendered":"<p>Eso 363.030-8 z poci\u0105giem osobowym 5027 Pardubice hl.n. &#8211; \u010cesk\u00e1 T\u0159ebov\u00e1 zatrzymuje si\u0119 w Moravanach. Niskie i w\u0105skie perony mi\u0119dzy torem g\u0142\u00f3wnym a biudynkiem stacyjnym by\u0142y w\u00f3wczas standardem na czeskich magistralach, dopiero par\u0119 lat p\u00f3\u017aniej zacz\u0119to budowa\u0107 wy\u0142\u0105cznie wysokie perony. [23.07.2009]<\/p>\n","protected":false},"author":1,"featured_media":5474,"comment_status":"open","ping_status":"","sticky":false,"template":"","format":"standard","meta":{"footnotes":""},"categories":[2,169],"tags":[287,51,50,49,151,2116,1186,24,1375],"class_list":["post-5473","post","type-post","status-publish","format-standard","has-post-thumbnail","hentry","category-kolej","category-rok-2009","tag-2009-07-23","tag-51","tag-cd","tag-czechy","tag-ludzie","tag-moravany","tag-na-wsiadanego","tag-perony","tag-tab-cz010"],"_links":{"self":[{"href":"https:\/\/wgphoto.pl\/t\/index.php?rest_route=\/wp\/v2\/posts\/5473","targetHints":{"allow":["GET"]}}],"collection":[{"href":"https:\/\/wgphoto.pl\/t\/index.php?rest_route=\/wp\/v2\/posts"}],"about":[{"href":"https:\/\/wgphoto.pl\/t\/index.php?rest_route=\/wp\/v2\/types\/post"}],"author":[{"embeddable":true,"href":"https:\/\/wgphoto.pl\/t\/index.php?rest_route=\/wp\/v2\/users\/1"}],"replies":[{"embeddable":true,"href":"https:\/\/wgphoto.pl\/t\/index.php?rest_route=%2Fwp%2Fv2%2Fcomments&post=5473"}],"version-history":[{"count":1,"href":"https:\/\/wgphoto.pl\/t\/index.php?rest_route=\/wp\/v2\/posts\/5473\/revisions"}],"predecessor-version":[{"id":5475,"href":"https:\/\/wgphoto.pl\/t\/index.php?rest_route=\/wp\/v2\/posts\/5473\/revisions\/5475"}],"wp:featuredmedia":[{"embeddable":true,"href":"https:\/\/wgphoto.pl\/t\/index.php?rest_route=\/wp\/v2\/media\/5474"}],"wp:attachment":[{"href":"https:\/\/wgphoto.pl\/t\/index.php?rest_route=%2Fwp%2Fv2%2Fmedia&parent=5473"}],"wp:term":[{"taxonomy":"category","embeddable":true,"href":"https:\/\/wgphoto.pl\/t\/index.php?rest_route=%2Fwp%2Fv2%2Fcategories&post=5473"},{"taxonomy":"post_tag","embeddable":true,"href":"https:\/\/wgphoto.pl\/t\/index.php?rest_route=%2Fwp%2Fv2%2Ftags&post=5473"}],"curies":[{"name":"wp","href":"https:\/\/api.w.org\/{rel}","templated":true}]}}