{"id":5476,"date":"2024-11-10T21:21:40","date_gmt":"2024-11-10T20:21:40","guid":{"rendered":"https:\/\/wgphoto.pl\/t\/?p=5476"},"modified":"2024-11-10T21:21:40","modified_gmt":"2024-11-10T20:21:40","slug":"moravany-na-zielono","status":"publish","type":"post","link":"https:\/\/wgphoto.pl\/t\/?p=5476","title":{"rendered":"Moravany na zielono"},"content":{"rendered":"\n<figure class=\"wp-block-image aligncenter size-full\"><img loading=\"lazy\" decoding=\"async\" width=\"1300\" height=\"813\" src=\"https:\/\/wgphoto.pl\/t\/wp-content\/uploads\/2024\/11\/IMGP7901-1.jpg\" alt=\"\" class=\"wp-image-5477\" srcset=\"https:\/\/wgphoto.pl\/t\/wp-content\/uploads\/2024\/11\/IMGP7901-1.jpg 1300w, https:\/\/wgphoto.pl\/t\/wp-content\/uploads\/2024\/11\/IMGP7901-1-300x188.jpg 300w, https:\/\/wgphoto.pl\/t\/wp-content\/uploads\/2024\/11\/IMGP7901-1-768x480.jpg 768w\" sizes=\"auto, (max-width: 1300px) 100vw, 1300px\" \/><\/figure>\n\n\n\n<div class=\"wp-block-group has-global-padding is-layout-constrained wp-block-group-is-layout-constrained\">\n<p>Per\u0161ing 163.062-3 z poci\u0105giem osobowym 5022 relacji \u010cesk\u00e1 T\u0159ebov\u00e1 &#8211; Pardubice hl.n. zatrzymuje si\u0119 w Moravanach. Na g\u0142\u00f3wnej czeskiej magistrali obok betonozy i barierkozy znalaz\u0142o si\u0119 te\u017c miejsce dla kwiat\u00f3w obok pomieszczenia dy\u017curnego ruchu. [23.07.2009]<\/p>\n<\/div>\n","protected":false},"excerpt":{"rendered":"<p>Per\u0161ing 163.062-3 z poci\u0105giem osobowym 5022 relacji \u010cesk\u00e1 T\u0159ebov\u00e1 &#8211; Pardubice hl.n. zatrzymuje si\u0119 w Moravanach. Na g\u0142\u00f3wnej czeskiej magistrali obok betonozy i barierkozy znalaz\u0142o si\u0119 te\u017c miejsce dla kwiat\u00f3w obok pomieszczenia dy\u017curnego ruchu. [23.07.2009]<\/p>\n","protected":false},"author":1,"featured_media":5477,"comment_status":"open","ping_status":"","sticky":false,"template":"","format":"standard","meta":{"footnotes":""},"categories":[2,169],"tags":[1401,287,50,49,2116,1375],"class_list":["post-5476","post","type-post","status-publish","format-standard","has-post-thumbnail","hentry","category-kolej","category-rok-2009","tag-1401","tag-2009-07-23","tag-cd","tag-czechy","tag-moravany","tag-tab-cz010"],"_links":{"self":[{"href":"https:\/\/wgphoto.pl\/t\/index.php?rest_route=\/wp\/v2\/posts\/5476","targetHints":{"allow":["GET"]}}],"collection":[{"href":"https:\/\/wgphoto.pl\/t\/index.php?rest_route=\/wp\/v2\/posts"}],"about":[{"href":"https:\/\/wgphoto.pl\/t\/index.php?rest_route=\/wp\/v2\/types\/post"}],"author":[{"embeddable":true,"href":"https:\/\/wgphoto.pl\/t\/index.php?rest_route=\/wp\/v2\/users\/1"}],"replies":[{"embeddable":true,"href":"https:\/\/wgphoto.pl\/t\/index.php?rest_route=%2Fwp%2Fv2%2Fcomments&post=5476"}],"version-history":[{"count":1,"href":"https:\/\/wgphoto.pl\/t\/index.php?rest_route=\/wp\/v2\/posts\/5476\/revisions"}],"predecessor-version":[{"id":5478,"href":"https:\/\/wgphoto.pl\/t\/index.php?rest_route=\/wp\/v2\/posts\/5476\/revisions\/5478"}],"wp:featuredmedia":[{"embeddable":true,"href":"https:\/\/wgphoto.pl\/t\/index.php?rest_route=\/wp\/v2\/media\/5477"}],"wp:attachment":[{"href":"https:\/\/wgphoto.pl\/t\/index.php?rest_route=%2Fwp%2Fv2%2Fmedia&parent=5476"}],"wp:term":[{"taxonomy":"category","embeddable":true,"href":"https:\/\/wgphoto.pl\/t\/index.php?rest_route=%2Fwp%2Fv2%2Fcategories&post=5476"},{"taxonomy":"post_tag","embeddable":true,"href":"https:\/\/wgphoto.pl\/t\/index.php?rest_route=%2Fwp%2Fv2%2Ftags&post=5476"}],"curies":[{"name":"wp","href":"https:\/\/api.w.org\/{rel}","templated":true}]}}