{"id":5485,"date":"2024-11-10T21:25:29","date_gmt":"2024-11-10T20:25:29","guid":{"rendered":"https:\/\/wgphoto.pl\/t\/?p=5485"},"modified":"2024-11-10T21:25:29","modified_gmt":"2024-11-10T20:25:29","slug":"druga-czesc-poczty","status":"publish","type":"post","link":"https:\/\/wgphoto.pl\/t\/?p=5485","title":{"rendered":"Druga cz\u0119\u015b\u0107 poczty"},"content":{"rendered":"\n<figure class=\"wp-block-image aligncenter size-full\"><img loading=\"lazy\" decoding=\"async\" width=\"1300\" height=\"861\" src=\"https:\/\/wgphoto.pl\/t\/wp-content\/uploads\/2024\/11\/IMGP4797.jpg\" alt=\"\" class=\"wp-image-5486\" srcset=\"https:\/\/wgphoto.pl\/t\/wp-content\/uploads\/2024\/11\/IMGP4797.jpg 1300w, https:\/\/wgphoto.pl\/t\/wp-content\/uploads\/2024\/11\/IMGP4797-300x199.jpg 300w, https:\/\/wgphoto.pl\/t\/wp-content\/uploads\/2024\/11\/IMGP4797-768x509.jpg 768w\" sizes=\"auto, (max-width: 1300px) 100vw, 1300px\" \/><\/figure>\n\n\n\n<div class=\"wp-block-group has-global-padding is-layout-constrained wp-block-group-is-layout-constrained\">\n<p>Kilka minut p\u00f3\u017aniej wzgl\u0119dem poprzedniego zdj\u0119cia szlakiem Stockholm S &#8211; \u00c5rstaberg przejecha\u0142 drugi poci\u0105g pocztowy (relacji Rosersberg &#8211; Malm\u00f6 Gbg lub Rosersberg &#8211; G\u00f6teborg S\u00e4ven\u00e4s), prowadzony maszyn\u0105 Rc4P 1295. [26.09.2021]<\/p>\n<\/div>\n","protected":false},"excerpt":{"rendered":"<p>Kilka minut p\u00f3\u017aniej wzgl\u0119dem poprzedniego zdj\u0119cia szlakiem Stockholm S &#8211; \u00c5rstaberg przejecha\u0142 drugi poci\u0105g pocztowy (relacji Rosersberg &#8211; Malm\u00f6 Gbg lub Rosersberg &#8211; G\u00f6teborg S\u00e4ven\u00e4s), prowadzony maszyn\u0105 Rc4P 1295. [26.09.2021]<\/p>\n","protected":false},"author":1,"featured_media":5486,"comment_status":"open","ping_status":"","sticky":false,"template":"","format":"standard","meta":{"footnotes":""},"categories":[2,681],"tags":[2117,2121,2119,45,2118,2120,686,685,687],"class_list":["post-5485","post","type-post","status-publish","format-standard","has-post-thumbnail","hentry","category-kolej","category-rok-2021","tag-2021-09-26","tag-arstaberg","tag-green-cargo","tag-most","tag-rc","tag-stockholm-s","tag-sztokholm","tag-szwecja","tag-szwecja-2021"],"_links":{"self":[{"href":"https:\/\/wgphoto.pl\/t\/index.php?rest_route=\/wp\/v2\/posts\/5485","targetHints":{"allow":["GET"]}}],"collection":[{"href":"https:\/\/wgphoto.pl\/t\/index.php?rest_route=\/wp\/v2\/posts"}],"about":[{"href":"https:\/\/wgphoto.pl\/t\/index.php?rest_route=\/wp\/v2\/types\/post"}],"author":[{"embeddable":true,"href":"https:\/\/wgphoto.pl\/t\/index.php?rest_route=\/wp\/v2\/users\/1"}],"replies":[{"embeddable":true,"href":"https:\/\/wgphoto.pl\/t\/index.php?rest_route=%2Fwp%2Fv2%2Fcomments&post=5485"}],"version-history":[{"count":1,"href":"https:\/\/wgphoto.pl\/t\/index.php?rest_route=\/wp\/v2\/posts\/5485\/revisions"}],"predecessor-version":[{"id":5487,"href":"https:\/\/wgphoto.pl\/t\/index.php?rest_route=\/wp\/v2\/posts\/5485\/revisions\/5487"}],"wp:featuredmedia":[{"embeddable":true,"href":"https:\/\/wgphoto.pl\/t\/index.php?rest_route=\/wp\/v2\/media\/5486"}],"wp:attachment":[{"href":"https:\/\/wgphoto.pl\/t\/index.php?rest_route=%2Fwp%2Fv2%2Fmedia&parent=5485"}],"wp:term":[{"taxonomy":"category","embeddable":true,"href":"https:\/\/wgphoto.pl\/t\/index.php?rest_route=%2Fwp%2Fv2%2Fcategories&post=5485"},{"taxonomy":"post_tag","embeddable":true,"href":"https:\/\/wgphoto.pl\/t\/index.php?rest_route=%2Fwp%2Fv2%2Ftags&post=5485"}],"curies":[{"name":"wp","href":"https:\/\/api.w.org\/{rel}","templated":true}]}}