{"id":5563,"date":"2024-11-11T13:01:48","date_gmt":"2024-11-11T12:01:48","guid":{"rendered":"https:\/\/wgphoto.pl\/t\/?p=5563"},"modified":"2024-11-11T13:01:48","modified_gmt":"2024-11-11T12:01:48","slug":"ciemne-chmury-nad-tatrami","status":"publish","type":"post","link":"https:\/\/wgphoto.pl\/t\/?p=5563","title":{"rendered":"Ciemne chmury nad Tatrami"},"content":{"rendered":"\n<figure class=\"wp-block-image aligncenter size-full\"><img loading=\"lazy\" decoding=\"async\" width=\"1300\" height=\"861\" src=\"https:\/\/wgphoto.pl\/t\/wp-content\/uploads\/2024\/11\/IMGP9369.jpg\" alt=\"\" class=\"wp-image-5564\" srcset=\"https:\/\/wgphoto.pl\/t\/wp-content\/uploads\/2024\/11\/IMGP9369.jpg 1300w, https:\/\/wgphoto.pl\/t\/wp-content\/uploads\/2024\/11\/IMGP9369-300x199.jpg 300w, https:\/\/wgphoto.pl\/t\/wp-content\/uploads\/2024\/11\/IMGP9369-768x509.jpg 768w\" sizes=\"auto, (max-width: 1300px) 100vw, 1300px\" \/><\/figure>\n\n\n\n<div class=\"wp-block-group has-global-padding is-layout-constrained wp-block-group-is-layout-constrained\">\n<p>Nieznane z numer\u00f3w <em>Eso<\/em> na popychu sk\u0142adu towarowego jad\u0105cego na zach\u00f3d za par\u0119 minut minie stacj\u0119 \u0160trba. [12.08.2020]<\/p>\n<\/div>\n","protected":false},"excerpt":{"rendered":"<p>Nieznane z numer\u00f3w Eso na popychu sk\u0142adu towarowego jad\u0105cego na zach\u00f3d za par\u0119 minut minie stacj\u0119 \u0160trba. [12.08.2020]<\/p>\n","protected":false},"author":1,"featured_media":5564,"comment_status":"open","ping_status":"","sticky":false,"template":"","format":"standard","meta":{"footnotes":""},"categories":[2,676],"tags":[1912,51,114,173,113,678,675,670,673,469],"class_list":["post-5563","post","type-post","status-publish","format-standard","has-post-thumbnail","hentry","category-kolej","category-rok-2020","tag-2020-08-12","tag-51","tag-gory","tag-koncowki","tag-landszaft","tag-slovensko-uhersko-2020","tag-slowacja","tag-strba","tag-strba-zastavka","tag-zssk"],"_links":{"self":[{"href":"https:\/\/wgphoto.pl\/t\/index.php?rest_route=\/wp\/v2\/posts\/5563","targetHints":{"allow":["GET"]}}],"collection":[{"href":"https:\/\/wgphoto.pl\/t\/index.php?rest_route=\/wp\/v2\/posts"}],"about":[{"href":"https:\/\/wgphoto.pl\/t\/index.php?rest_route=\/wp\/v2\/types\/post"}],"author":[{"embeddable":true,"href":"https:\/\/wgphoto.pl\/t\/index.php?rest_route=\/wp\/v2\/users\/1"}],"replies":[{"embeddable":true,"href":"https:\/\/wgphoto.pl\/t\/index.php?rest_route=%2Fwp%2Fv2%2Fcomments&post=5563"}],"version-history":[{"count":1,"href":"https:\/\/wgphoto.pl\/t\/index.php?rest_route=\/wp\/v2\/posts\/5563\/revisions"}],"predecessor-version":[{"id":5565,"href":"https:\/\/wgphoto.pl\/t\/index.php?rest_route=\/wp\/v2\/posts\/5563\/revisions\/5565"}],"wp:featuredmedia":[{"embeddable":true,"href":"https:\/\/wgphoto.pl\/t\/index.php?rest_route=\/wp\/v2\/media\/5564"}],"wp:attachment":[{"href":"https:\/\/wgphoto.pl\/t\/index.php?rest_route=%2Fwp%2Fv2%2Fmedia&parent=5563"}],"wp:term":[{"taxonomy":"category","embeddable":true,"href":"https:\/\/wgphoto.pl\/t\/index.php?rest_route=%2Fwp%2Fv2%2Fcategories&post=5563"},{"taxonomy":"post_tag","embeddable":true,"href":"https:\/\/wgphoto.pl\/t\/index.php?rest_route=%2Fwp%2Fv2%2Ftags&post=5563"}],"curies":[{"name":"wp","href":"https:\/\/api.w.org\/{rel}","templated":true}]}}