{"id":5569,"date":"2024-11-11T13:03:57","date_gmt":"2024-11-11T12:03:57","guid":{"rendered":"https:\/\/wgphoto.pl\/t\/?p=5569"},"modified":"2024-11-11T13:03:57","modified_gmt":"2024-11-11T12:03:57","slug":"koniec-dnia-na-koncu-mapy","status":"publish","type":"post","link":"https:\/\/wgphoto.pl\/t\/?p=5569","title":{"rendered":"Koniec dnia na ko\u0144cu mapy"},"content":{"rendered":"\n<figure class=\"wp-block-image aligncenter size-full\"><img loading=\"lazy\" decoding=\"async\" width=\"1300\" height=\"862\" src=\"https:\/\/wgphoto.pl\/t\/wp-content\/uploads\/2024\/11\/0320-00.jpg\" alt=\"\" class=\"wp-image-5570\" srcset=\"https:\/\/wgphoto.pl\/t\/wp-content\/uploads\/2024\/11\/0320-00.jpg 1300w, https:\/\/wgphoto.pl\/t\/wp-content\/uploads\/2024\/11\/0320-00-300x199.jpg 300w, https:\/\/wgphoto.pl\/t\/wp-content\/uploads\/2024\/11\/0320-00-768x509.jpg 768w\" sizes=\"auto, (max-width: 1300px) 100vw, 1300px\" \/><\/figure>\n\n\n\n<div class=\"wp-block-group has-global-padding is-layout-constrained wp-block-group-is-layout-constrained\">\n<p>Ostatni w dobie poci\u0105g osobowy z Bia\u0142egostoku (nr 79823), prowadzony SU45-136, par\u0119 minut po godz. 23 sko\u0144czy\u0142 bieg w Suwa\u0142kach. [09.07.2003]<\/p>\n<\/div>\n","protected":false},"excerpt":{"rendered":"<p>Ostatni w dobie poci\u0105g osobowy z Bia\u0142egostoku (nr 79823), prowadzony SU45-136, par\u0119 minut po godz. 23 sko\u0144czy\u0142 bieg w Suwa\u0142kach. [09.07.2003]<\/p>\n","protected":false},"author":1,"featured_media":5570,"comment_status":"open","ping_status":"","sticky":false,"template":"","format":"standard","meta":{"footnotes":""},"categories":[62,2,149],"tags":[901,154,63,27,290,589,643],"class_list":["post-5569","post","type-post","status-publish","format-standard","has-post-thumbnail","hentry","category-analog","category-kolej","category-rok-2003","tag-2003-07-09","tag-noc","tag-pkp","tag-polska","tag-su45","tag-suwalki","tag-tab-pl530"],"_links":{"self":[{"href":"https:\/\/wgphoto.pl\/t\/index.php?rest_route=\/wp\/v2\/posts\/5569","targetHints":{"allow":["GET"]}}],"collection":[{"href":"https:\/\/wgphoto.pl\/t\/index.php?rest_route=\/wp\/v2\/posts"}],"about":[{"href":"https:\/\/wgphoto.pl\/t\/index.php?rest_route=\/wp\/v2\/types\/post"}],"author":[{"embeddable":true,"href":"https:\/\/wgphoto.pl\/t\/index.php?rest_route=\/wp\/v2\/users\/1"}],"replies":[{"embeddable":true,"href":"https:\/\/wgphoto.pl\/t\/index.php?rest_route=%2Fwp%2Fv2%2Fcomments&post=5569"}],"version-history":[{"count":1,"href":"https:\/\/wgphoto.pl\/t\/index.php?rest_route=\/wp\/v2\/posts\/5569\/revisions"}],"predecessor-version":[{"id":5571,"href":"https:\/\/wgphoto.pl\/t\/index.php?rest_route=\/wp\/v2\/posts\/5569\/revisions\/5571"}],"wp:featuredmedia":[{"embeddable":true,"href":"https:\/\/wgphoto.pl\/t\/index.php?rest_route=\/wp\/v2\/media\/5570"}],"wp:attachment":[{"href":"https:\/\/wgphoto.pl\/t\/index.php?rest_route=%2Fwp%2Fv2%2Fmedia&parent=5569"}],"wp:term":[{"taxonomy":"category","embeddable":true,"href":"https:\/\/wgphoto.pl\/t\/index.php?rest_route=%2Fwp%2Fv2%2Fcategories&post=5569"},{"taxonomy":"post_tag","embeddable":true,"href":"https:\/\/wgphoto.pl\/t\/index.php?rest_route=%2Fwp%2Fv2%2Ftags&post=5569"}],"curies":[{"name":"wp","href":"https:\/\/api.w.org\/{rel}","templated":true}]}}