{"id":5599,"date":"2024-11-11T13:16:59","date_gmt":"2024-11-11T12:16:59","guid":{"rendered":"https:\/\/wgphoto.pl\/t\/?p=5599"},"modified":"2024-11-11T13:16:59","modified_gmt":"2024-11-11T12:16:59","slug":"363-079-5-plzen-hl-n","status":"publish","type":"post","link":"https:\/\/wgphoto.pl\/t\/?p=5599","title":{"rendered":"363.079-5, Plze\u0148 hl.n."},"content":{"rendered":"\n<figure class=\"wp-block-image aligncenter size-full\"><img loading=\"lazy\" decoding=\"async\" width=\"1300\" height=\"870\" src=\"https:\/\/wgphoto.pl\/t\/wp-content\/uploads\/2024\/11\/IMGP4127.jpg\" alt=\"\" class=\"wp-image-5600\" srcset=\"https:\/\/wgphoto.pl\/t\/wp-content\/uploads\/2024\/11\/IMGP4127.jpg 1300w, https:\/\/wgphoto.pl\/t\/wp-content\/uploads\/2024\/11\/IMGP4127-300x201.jpg 300w, https:\/\/wgphoto.pl\/t\/wp-content\/uploads\/2024\/11\/IMGP4127-768x514.jpg 768w\" sizes=\"auto, (max-width: 1300px) 100vw, 1300px\" \/><\/figure>\n\n\n\n<div class=\"wp-block-group has-global-padding is-layout-constrained wp-block-group-is-layout-constrained\">\n<p>Eso 363.079-5 z poci\u0105giem osobowym 7823 do Berouna na kilka minut przed odjazdem z Pilzna. To by\u0142 jeden ze standardowych obieg\u00f3w dla tych dwusystemowych lokomotyw, w relacji \u0142\u0105cz\u0105cej dwa systemy zasilania. [26.09.2011]<\/p>\n<\/div>\n","protected":false},"excerpt":{"rendered":"<p>Eso 363.079-5 z poci\u0105giem osobowym 7823 do Berouna na kilka minut przed odjazdem z Pilzna. To by\u0142 jeden ze standardowych obieg\u00f3w dla tych dwusystemowych lokomotyw, w relacji \u0142\u0105cz\u0105cej dwa systemy zasilania. [26.09.2011]<\/p>\n","protected":false},"author":1,"featured_media":5600,"comment_status":"open","ping_status":"","sticky":false,"template":"","format":"standard","meta":{"footnotes":""},"categories":[2,77],"tags":[1471,51,50,49,154,24,1675,1745,498],"class_list":["post-5599","post","type-post","status-publish","format-standard","has-post-thumbnail","hentry","category-kolej","category-rok-2011","tag-2011-09-26","tag-51","tag-cd","tag-czechy","tag-noc","tag-perony","tag-pilzno","tag-plzen-hlavni-nadrazi","tag-tab-cz170"],"_links":{"self":[{"href":"https:\/\/wgphoto.pl\/t\/index.php?rest_route=\/wp\/v2\/posts\/5599","targetHints":{"allow":["GET"]}}],"collection":[{"href":"https:\/\/wgphoto.pl\/t\/index.php?rest_route=\/wp\/v2\/posts"}],"about":[{"href":"https:\/\/wgphoto.pl\/t\/index.php?rest_route=\/wp\/v2\/types\/post"}],"author":[{"embeddable":true,"href":"https:\/\/wgphoto.pl\/t\/index.php?rest_route=\/wp\/v2\/users\/1"}],"replies":[{"embeddable":true,"href":"https:\/\/wgphoto.pl\/t\/index.php?rest_route=%2Fwp%2Fv2%2Fcomments&post=5599"}],"version-history":[{"count":1,"href":"https:\/\/wgphoto.pl\/t\/index.php?rest_route=\/wp\/v2\/posts\/5599\/revisions"}],"predecessor-version":[{"id":5601,"href":"https:\/\/wgphoto.pl\/t\/index.php?rest_route=\/wp\/v2\/posts\/5599\/revisions\/5601"}],"wp:featuredmedia":[{"embeddable":true,"href":"https:\/\/wgphoto.pl\/t\/index.php?rest_route=\/wp\/v2\/media\/5600"}],"wp:attachment":[{"href":"https:\/\/wgphoto.pl\/t\/index.php?rest_route=%2Fwp%2Fv2%2Fmedia&parent=5599"}],"wp:term":[{"taxonomy":"category","embeddable":true,"href":"https:\/\/wgphoto.pl\/t\/index.php?rest_route=%2Fwp%2Fv2%2Fcategories&post=5599"},{"taxonomy":"post_tag","embeddable":true,"href":"https:\/\/wgphoto.pl\/t\/index.php?rest_route=%2Fwp%2Fv2%2Ftags&post=5599"}],"curies":[{"name":"wp","href":"https:\/\/api.w.org\/{rel}","templated":true}]}}