{"id":5602,"date":"2024-11-11T13:18:02","date_gmt":"2024-11-11T12:18:02","guid":{"rendered":"https:\/\/wgphoto.pl\/t\/?p=5602"},"modified":"2024-11-11T13:18:02","modified_gmt":"2024-11-11T12:18:02","slug":"przerost-formy","status":"publish","type":"post","link":"https:\/\/wgphoto.pl\/t\/?p=5602","title":{"rendered":"Przerost formy"},"content":{"rendered":"\n<figure class=\"wp-block-image aligncenter size-full\"><img loading=\"lazy\" decoding=\"async\" width=\"1300\" height=\"870\" src=\"https:\/\/wgphoto.pl\/t\/wp-content\/uploads\/2024\/11\/IMGP0432-2.jpg\" alt=\"\" class=\"wp-image-5604\" srcset=\"https:\/\/wgphoto.pl\/t\/wp-content\/uploads\/2024\/11\/IMGP0432-2.jpg 1300w, https:\/\/wgphoto.pl\/t\/wp-content\/uploads\/2024\/11\/IMGP0432-2-300x201.jpg 300w, https:\/\/wgphoto.pl\/t\/wp-content\/uploads\/2024\/11\/IMGP0432-2-768x514.jpg 768w\" sizes=\"auto, (max-width: 1300px) 100vw, 1300px\" \/><\/figure>\n\n\n\n<div class=\"wp-block-group has-global-padding is-layout-constrained wp-block-group-is-layout-constrained\">\n<p>754.059-4 z poci\u0105giem osobowym 7525 relacji Plze\u0148-Valcha &#8211; Plze\u0148 hl.n. za kilka minut odjedzie ze stacji pocz\u0105tkowej. Nominalnie sk\u0142ad powinien jecha\u0107 z Klatov, lecz na odcinku Dob\u0159any &#8211; Plze\u0148-Valcha trwa\u0142o akurat planowe zamkni\u0119cie jednotorowego szlaku. W tle wida\u0107 garstk\u0119 pasa\u017cer\u00f3w, kt\u00f3rzy przyjechali autobusami zast\u0119pczymi. Wszyscy zmie\u015bciliby si\u0119 w jednym wagonie. [14.04.2011]<\/p>\n<\/div>\n","protected":false},"excerpt":{"rendered":"<p>754.059-4 z poci\u0105giem osobowym 7525 relacji Plze\u0148-Valcha &#8211; Plze\u0148 hl.n. za kilka minut odjedzie ze stacji pocz\u0105tkowej. Nominalnie sk\u0142ad powinien jecha\u0107 z Klatov, lecz na odcinku Dob\u0159any &#8211; Plze\u0148-Valcha trwa\u0142o akurat planowe zamkni\u0119cie jednotorowego szlaku. W tle wida\u0107 garstk\u0119 pasa\u017cer\u00f3w, kt\u00f3rzy przyjechali autobusami zast\u0119pczymi. Wszyscy zmie\u015bciliby si\u0119 w jednym wagonie. [14.04.2011]<\/p>\n","protected":false},"author":1,"featured_media":5604,"comment_status":"open","ping_status":"","sticky":false,"template":"","format":"standard","meta":{"footnotes":""},"categories":[2,77],"tags":[456,335,50,49,1675,2158,522],"class_list":["post-5602","post","type-post","status-publish","format-standard","has-post-thumbnail","hentry","category-kolej","category-rok-2011","tag-2011-04-14","tag-335","tag-cd","tag-czechy","tag-pilzno","tag-plzen-valcha","tag-tab-cz183"],"_links":{"self":[{"href":"https:\/\/wgphoto.pl\/t\/index.php?rest_route=\/wp\/v2\/posts\/5602","targetHints":{"allow":["GET"]}}],"collection":[{"href":"https:\/\/wgphoto.pl\/t\/index.php?rest_route=\/wp\/v2\/posts"}],"about":[{"href":"https:\/\/wgphoto.pl\/t\/index.php?rest_route=\/wp\/v2\/types\/post"}],"author":[{"embeddable":true,"href":"https:\/\/wgphoto.pl\/t\/index.php?rest_route=\/wp\/v2\/users\/1"}],"replies":[{"embeddable":true,"href":"https:\/\/wgphoto.pl\/t\/index.php?rest_route=%2Fwp%2Fv2%2Fcomments&post=5602"}],"version-history":[{"count":1,"href":"https:\/\/wgphoto.pl\/t\/index.php?rest_route=\/wp\/v2\/posts\/5602\/revisions"}],"predecessor-version":[{"id":5605,"href":"https:\/\/wgphoto.pl\/t\/index.php?rest_route=\/wp\/v2\/posts\/5602\/revisions\/5605"}],"wp:featuredmedia":[{"embeddable":true,"href":"https:\/\/wgphoto.pl\/t\/index.php?rest_route=\/wp\/v2\/media\/5604"}],"wp:attachment":[{"href":"https:\/\/wgphoto.pl\/t\/index.php?rest_route=%2Fwp%2Fv2%2Fmedia&parent=5602"}],"wp:term":[{"taxonomy":"category","embeddable":true,"href":"https:\/\/wgphoto.pl\/t\/index.php?rest_route=%2Fwp%2Fv2%2Fcategories&post=5602"},{"taxonomy":"post_tag","embeddable":true,"href":"https:\/\/wgphoto.pl\/t\/index.php?rest_route=%2Fwp%2Fv2%2Ftags&post=5602"}],"curies":[{"name":"wp","href":"https:\/\/api.w.org\/{rel}","templated":true}]}}