{"id":5606,"date":"2024-11-11T13:19:04","date_gmt":"2024-11-11T12:19:04","guid":{"rendered":"https:\/\/wgphoto.pl\/t\/?p=5606"},"modified":"2024-11-11T13:19:04","modified_gmt":"2024-11-11T12:19:04","slug":"wieczor-w-swidnicy","status":"publish","type":"post","link":"https:\/\/wgphoto.pl\/t\/?p=5606","title":{"rendered":"Wiecz\u00f3r w \u015awidnicy"},"content":{"rendered":"\n<figure class=\"wp-block-image aligncenter size-full\"><img loading=\"lazy\" decoding=\"async\" width=\"1300\" height=\"872\" src=\"https:\/\/wgphoto.pl\/t\/wp-content\/uploads\/2024\/11\/0433-17.jpg\" alt=\"\" class=\"wp-image-5607\" srcset=\"https:\/\/wgphoto.pl\/t\/wp-content\/uploads\/2024\/11\/0433-17.jpg 1300w, https:\/\/wgphoto.pl\/t\/wp-content\/uploads\/2024\/11\/0433-17-300x201.jpg 300w, https:\/\/wgphoto.pl\/t\/wp-content\/uploads\/2024\/11\/0433-17-768x515.jpg 768w\" sizes=\"auto, (max-width: 1300px) 100vw, 1300px\" \/><\/figure>\n\n\n\n<div class=\"wp-block-group has-global-padding is-layout-constrained wp-block-group-is-layout-constrained\">\n<p>SU45-011 (zast\u0119pstwo za SA109) z poci\u0105giem osobowym 44025 relacji Kamieniec Z\u0105bkowicki &#8211; Jaworzyna \u015al\u0105ska podczas kr\u00f3tkiego postoju w \u015awidnicy. [28.12.2004]<\/p>\n<\/div>\n","protected":false},"excerpt":{"rendered":"<p>SU45-011 (zast\u0119pstwo za SA109) z poci\u0105giem osobowym 44025 relacji Kamieniec Z\u0105bkowicki &#8211; Jaworzyna \u015al\u0105ska podczas kr\u00f3tkiego postoju w \u015awidnicy. [28.12.2004]<\/p>\n","protected":false},"author":1,"featured_media":5607,"comment_status":"open","ping_status":"","sticky":false,"template":"","format":"standard","meta":{"footnotes":""},"categories":[62,2,61],"tags":[2159,154,24,63,27,290,1019,319],"class_list":["post-5606","post","type-post","status-publish","format-standard","has-post-thumbnail","hentry","category-analog","category-kolej","category-rok-2004","tag-2004-12-28","tag-noc","tag-perony","tag-pkp","tag-polska","tag-su45","tag-swidnica-miasto","tag-tab-pl235"],"_links":{"self":[{"href":"https:\/\/wgphoto.pl\/t\/index.php?rest_route=\/wp\/v2\/posts\/5606","targetHints":{"allow":["GET"]}}],"collection":[{"href":"https:\/\/wgphoto.pl\/t\/index.php?rest_route=\/wp\/v2\/posts"}],"about":[{"href":"https:\/\/wgphoto.pl\/t\/index.php?rest_route=\/wp\/v2\/types\/post"}],"author":[{"embeddable":true,"href":"https:\/\/wgphoto.pl\/t\/index.php?rest_route=\/wp\/v2\/users\/1"}],"replies":[{"embeddable":true,"href":"https:\/\/wgphoto.pl\/t\/index.php?rest_route=%2Fwp%2Fv2%2Fcomments&post=5606"}],"version-history":[{"count":1,"href":"https:\/\/wgphoto.pl\/t\/index.php?rest_route=\/wp\/v2\/posts\/5606\/revisions"}],"predecessor-version":[{"id":5608,"href":"https:\/\/wgphoto.pl\/t\/index.php?rest_route=\/wp\/v2\/posts\/5606\/revisions\/5608"}],"wp:featuredmedia":[{"embeddable":true,"href":"https:\/\/wgphoto.pl\/t\/index.php?rest_route=\/wp\/v2\/media\/5607"}],"wp:attachment":[{"href":"https:\/\/wgphoto.pl\/t\/index.php?rest_route=%2Fwp%2Fv2%2Fmedia&parent=5606"}],"wp:term":[{"taxonomy":"category","embeddable":true,"href":"https:\/\/wgphoto.pl\/t\/index.php?rest_route=%2Fwp%2Fv2%2Fcategories&post=5606"},{"taxonomy":"post_tag","embeddable":true,"href":"https:\/\/wgphoto.pl\/t\/index.php?rest_route=%2Fwp%2Fv2%2Ftags&post=5606"}],"curies":[{"name":"wp","href":"https:\/\/api.w.org\/{rel}","templated":true}]}}