{"id":5637,"date":"2024-11-11T13:50:29","date_gmt":"2024-11-11T12:50:29","guid":{"rendered":"https:\/\/wgphoto.pl\/t\/?p=5637"},"modified":"2024-11-11T13:50:29","modified_gmt":"2024-11-11T12:50:29","slug":"taurus-wiecznie-mlody","status":"publish","type":"post","link":"https:\/\/wgphoto.pl\/t\/?p=5637","title":{"rendered":"Taurus wiecznie m\u0142ody"},"content":{"rendered":"\n<figure class=\"wp-block-image aligncenter size-full\"><img loading=\"lazy\" decoding=\"async\" width=\"1300\" height=\"867\" src=\"https:\/\/wgphoto.pl\/t\/wp-content\/uploads\/2024\/11\/2002r2-19a.jpg\" alt=\"\" class=\"wp-image-5638\" srcset=\"https:\/\/wgphoto.pl\/t\/wp-content\/uploads\/2024\/11\/2002r2-19a.jpg 1300w, https:\/\/wgphoto.pl\/t\/wp-content\/uploads\/2024\/11\/2002r2-19a-300x200.jpg 300w, https:\/\/wgphoto.pl\/t\/wp-content\/uploads\/2024\/11\/2002r2-19a-768x512.jpg 768w\" sizes=\"auto, (max-width: 1300px) 100vw, 1300px\" \/><\/figure>\n\n\n\n<div class=\"wp-block-group has-global-padding is-layout-constrained wp-block-group-is-layout-constrained\">\n<p>20 lat na karku, albo i wi\u0119cej, a lokomotywy rodziny EuroSprinter wci\u0105\u017c wygl\u0105daj\u0105 nowocze\u015bnie. Maszyna nr 1116.056-1 ze sk\u0142adem towarowym jedzie szlakiem Wien S\u00fc\u00dfenbrunn-Mitte &#8211; Wien Stadlau-Nord, a konkretniej mi\u0119dzy przystankami Kagran \u00d6BB (nieczynny od 2010 roku) &#8211; Wien Erzherzog-Karl-Stra\u00dfe. [26.07.2002]<\/p>\n<\/div>\n","protected":false},"excerpt":{"rendered":"<p>20 lat na karku, albo i wi\u0119cej, a lokomotywy rodziny EuroSprinter wci\u0105\u017c wygl\u0105daj\u0105 nowocze\u015bnie. Maszyna nr 1116.056-1 ze sk\u0142adem towarowym jedzie szlakiem Wien S\u00fc\u00dfenbrunn-Mitte &#8211; Wien Stadlau-Nord, a konkretniej mi\u0119dzy przystankami Kagran \u00d6BB (nieczynny od 2010 roku) &#8211; Wien Erzherzog-Karl-Stra\u00dfe. [26.07.2002]<\/p>\n","protected":false},"author":1,"featured_media":5638,"comment_status":"open","ping_status":"","sticky":false,"template":"","format":"standard","meta":{"footnotes":""},"categories":[62,2,577],"tags":[8,2167,9,11,119,97],"class_list":["post-5637","post","type-post","status-publish","format-standard","has-post-thumbnail","hentry","category-analog","category-kolej","category-rok-2002","tag-8","tag-2002-07-26","tag-austria","tag-obb","tag-siemens-taurus","tag-wieden"],"_links":{"self":[{"href":"https:\/\/wgphoto.pl\/t\/index.php?rest_route=\/wp\/v2\/posts\/5637","targetHints":{"allow":["GET"]}}],"collection":[{"href":"https:\/\/wgphoto.pl\/t\/index.php?rest_route=\/wp\/v2\/posts"}],"about":[{"href":"https:\/\/wgphoto.pl\/t\/index.php?rest_route=\/wp\/v2\/types\/post"}],"author":[{"embeddable":true,"href":"https:\/\/wgphoto.pl\/t\/index.php?rest_route=\/wp\/v2\/users\/1"}],"replies":[{"embeddable":true,"href":"https:\/\/wgphoto.pl\/t\/index.php?rest_route=%2Fwp%2Fv2%2Fcomments&post=5637"}],"version-history":[{"count":1,"href":"https:\/\/wgphoto.pl\/t\/index.php?rest_route=\/wp\/v2\/posts\/5637\/revisions"}],"predecessor-version":[{"id":5639,"href":"https:\/\/wgphoto.pl\/t\/index.php?rest_route=\/wp\/v2\/posts\/5637\/revisions\/5639"}],"wp:featuredmedia":[{"embeddable":true,"href":"https:\/\/wgphoto.pl\/t\/index.php?rest_route=\/wp\/v2\/media\/5638"}],"wp:attachment":[{"href":"https:\/\/wgphoto.pl\/t\/index.php?rest_route=%2Fwp%2Fv2%2Fmedia&parent=5637"}],"wp:term":[{"taxonomy":"category","embeddable":true,"href":"https:\/\/wgphoto.pl\/t\/index.php?rest_route=%2Fwp%2Fv2%2Fcategories&post=5637"},{"taxonomy":"post_tag","embeddable":true,"href":"https:\/\/wgphoto.pl\/t\/index.php?rest_route=%2Fwp%2Fv2%2Ftags&post=5637"}],"curies":[{"name":"wp","href":"https:\/\/api.w.org\/{rel}","templated":true}]}}