{"id":564,"date":"2024-09-29T21:49:07","date_gmt":"2024-09-29T19:49:07","guid":{"rendered":"https:\/\/wgphoto.pl\/t\/?p=564"},"modified":"2024-09-29T21:49:07","modified_gmt":"2024-09-29T19:49:07","slug":"luzaczek","status":"publish","type":"post","link":"https:\/\/wgphoto.pl\/t\/?p=564","title":{"rendered":"Luzaczek"},"content":{"rendered":"\n<figure class=\"wp-block-image aligncenter size-full\"><img loading=\"lazy\" decoding=\"async\" width=\"1200\" height=\"803\" src=\"https:\/\/wgphoto.pl\/t\/wp-content\/uploads\/IMGP8419.jpg\" alt=\"\" class=\"wp-image-565\" srcset=\"https:\/\/wgphoto.pl\/t\/wp-content\/uploads\/IMGP8419.jpg 1200w, https:\/\/wgphoto.pl\/t\/wp-content\/uploads\/IMGP8419-300x201.jpg 300w, https:\/\/wgphoto.pl\/t\/wp-content\/uploads\/IMGP8419-768x514.jpg 768w\" sizes=\"auto, (max-width: 1200px) 100vw, 1200px\" \/><\/figure>\n\n\n\n<div class=\"wp-block-group has-global-padding is-layout-constrained wp-block-group-is-layout-constrained\">\n<p>751 041-5 w drodze powrotnej do Czech pokonuje przejazd przez al. Jana Paw\u0142a II w G\u0142ucho\u0142azach, os\u0142aniany przez czynn\u0105 stra\u017cnic\u0119 przejazdow\u0105. 07.08.2009<\/p>\n<\/div>\n","protected":false},"excerpt":{"rendered":"<p>751 041-5 w drodze powrotnej do Czech pokonuje przejazd przez al. Jana Paw\u0142a II w G\u0142ucho\u0142azach, os\u0142aniany przez czynn\u0105 stra\u017cnic\u0119 przejazdow\u0105. 07.08.2009<\/p>\n","protected":false},"author":1,"featured_media":565,"comment_status":"open","ping_status":"","sticky":false,"template":"","format":"standard","meta":{"footnotes":""},"categories":[2,169],"tags":[168,164,50,165,249,248,27,167],"class_list":["post-564","post","type-post","status-publish","format-standard","has-post-thumbnail","hentry","category-kolej","category-rok-2009","tag-2009-08-07","tag-164","tag-cd","tag-glucholazy","tag-goscinne-wystepy","tag-mikulovice","tag-polska","tag-tab-cz292"],"_links":{"self":[{"href":"https:\/\/wgphoto.pl\/t\/index.php?rest_route=\/wp\/v2\/posts\/564","targetHints":{"allow":["GET"]}}],"collection":[{"href":"https:\/\/wgphoto.pl\/t\/index.php?rest_route=\/wp\/v2\/posts"}],"about":[{"href":"https:\/\/wgphoto.pl\/t\/index.php?rest_route=\/wp\/v2\/types\/post"}],"author":[{"embeddable":true,"href":"https:\/\/wgphoto.pl\/t\/index.php?rest_route=\/wp\/v2\/users\/1"}],"replies":[{"embeddable":true,"href":"https:\/\/wgphoto.pl\/t\/index.php?rest_route=%2Fwp%2Fv2%2Fcomments&post=564"}],"version-history":[{"count":1,"href":"https:\/\/wgphoto.pl\/t\/index.php?rest_route=\/wp\/v2\/posts\/564\/revisions"}],"predecessor-version":[{"id":566,"href":"https:\/\/wgphoto.pl\/t\/index.php?rest_route=\/wp\/v2\/posts\/564\/revisions\/566"}],"wp:featuredmedia":[{"embeddable":true,"href":"https:\/\/wgphoto.pl\/t\/index.php?rest_route=\/wp\/v2\/media\/565"}],"wp:attachment":[{"href":"https:\/\/wgphoto.pl\/t\/index.php?rest_route=%2Fwp%2Fv2%2Fmedia&parent=564"}],"wp:term":[{"taxonomy":"category","embeddable":true,"href":"https:\/\/wgphoto.pl\/t\/index.php?rest_route=%2Fwp%2Fv2%2Fcategories&post=564"},{"taxonomy":"post_tag","embeddable":true,"href":"https:\/\/wgphoto.pl\/t\/index.php?rest_route=%2Fwp%2Fv2%2Ftags&post=564"}],"curies":[{"name":"wp","href":"https:\/\/api.w.org\/{rel}","templated":true}]}}