{"id":5655,"date":"2024-11-11T13:56:48","date_gmt":"2024-11-11T12:56:48","guid":{"rendered":"https:\/\/wgphoto.pl\/t\/?p=5655"},"modified":"2024-11-11T13:56:48","modified_gmt":"2024-11-11T12:56:48","slug":"siemens-avenio-5025","status":"publish","type":"post","link":"https:\/\/wgphoto.pl\/t\/?p=5655","title":{"rendered":"Siemens Avenio 5025"},"content":{"rendered":"\n<figure class=\"wp-block-image aligncenter size-full\"><img loading=\"lazy\" decoding=\"async\" width=\"1300\" height=\"861\" src=\"https:\/\/wgphoto.pl\/t\/wp-content\/uploads\/2024\/11\/IMGP1114.jpg\" alt=\"\" class=\"wp-image-5656\" srcset=\"https:\/\/wgphoto.pl\/t\/wp-content\/uploads\/2024\/11\/IMGP1114.jpg 1300w, https:\/\/wgphoto.pl\/t\/wp-content\/uploads\/2024\/11\/IMGP1114-300x199.jpg 300w, https:\/\/wgphoto.pl\/t\/wp-content\/uploads\/2024\/11\/IMGP1114-768x509.jpg 768w\" sizes=\"auto, (max-width: 1300px) 100vw, 1300px\" \/><\/figure>\n\n\n\n<div class=\"wp-block-group has-global-padding is-layout-constrained wp-block-group-is-layout-constrained\">\n<p>Haga, Prinsessegracht, Siemens Avenio 5025 na przystanku Malieveld, bior\u0105cego sw\u0105 nazw\u0119 od pobliskich b\u0142oni, znanych podobnie\u017c z cz\u0119stych demonstracji lub innych wydarze\u0144 spo\u0142eczno-kulturalnych. [01.05.2017]<\/p>\n<\/div>\n","protected":false},"excerpt":{"rendered":"<p>Haga, Prinsessegracht, Siemens Avenio 5025 na przystanku Malieveld, bior\u0105cego sw\u0105 nazw\u0119 od pobliskich b\u0142oni, znanych podobnie\u017c z cz\u0119stych demonstracji lub innych wydarze\u0144 spo\u0142eczno-kulturalnych. [01.05.2017]<\/p>\n","protected":false},"author":1,"featured_media":5656,"comment_status":"open","ping_status":"","sticky":false,"template":"","format":"standard","meta":{"footnotes":""},"categories":[368,3],"tags":[373,371,370,369,787,788],"class_list":["post-5655","post","type-post","status-publish","format-standard","has-post-thumbnail","hentry","category-rok-2017","category-tramwaj","tag-2017-05-01","tag-haga","tag-holandia","tag-htm-den-haag","tag-majowka-2017-2","tag-siemens-avenio"],"_links":{"self":[{"href":"https:\/\/wgphoto.pl\/t\/index.php?rest_route=\/wp\/v2\/posts\/5655","targetHints":{"allow":["GET"]}}],"collection":[{"href":"https:\/\/wgphoto.pl\/t\/index.php?rest_route=\/wp\/v2\/posts"}],"about":[{"href":"https:\/\/wgphoto.pl\/t\/index.php?rest_route=\/wp\/v2\/types\/post"}],"author":[{"embeddable":true,"href":"https:\/\/wgphoto.pl\/t\/index.php?rest_route=\/wp\/v2\/users\/1"}],"replies":[{"embeddable":true,"href":"https:\/\/wgphoto.pl\/t\/index.php?rest_route=%2Fwp%2Fv2%2Fcomments&post=5655"}],"version-history":[{"count":1,"href":"https:\/\/wgphoto.pl\/t\/index.php?rest_route=\/wp\/v2\/posts\/5655\/revisions"}],"predecessor-version":[{"id":5657,"href":"https:\/\/wgphoto.pl\/t\/index.php?rest_route=\/wp\/v2\/posts\/5655\/revisions\/5657"}],"wp:featuredmedia":[{"embeddable":true,"href":"https:\/\/wgphoto.pl\/t\/index.php?rest_route=\/wp\/v2\/media\/5656"}],"wp:attachment":[{"href":"https:\/\/wgphoto.pl\/t\/index.php?rest_route=%2Fwp%2Fv2%2Fmedia&parent=5655"}],"wp:term":[{"taxonomy":"category","embeddable":true,"href":"https:\/\/wgphoto.pl\/t\/index.php?rest_route=%2Fwp%2Fv2%2Fcategories&post=5655"},{"taxonomy":"post_tag","embeddable":true,"href":"https:\/\/wgphoto.pl\/t\/index.php?rest_route=%2Fwp%2Fv2%2Ftags&post=5655"}],"curies":[{"name":"wp","href":"https:\/\/api.w.org\/{rel}","templated":true}]}}