{"id":5680,"date":"2024-11-13T18:45:16","date_gmt":"2024-11-13T17:45:16","guid":{"rendered":"https:\/\/wgphoto.pl\/t\/?p=5680"},"modified":"2024-11-13T18:45:16","modified_gmt":"2024-11-13T17:45:16","slug":"rumun%c2%9eski-ulf","status":"publish","type":"post","link":"https:\/\/wgphoto.pl\/t\/?p=5680","title":{"rendered":"Rumu\u0144\u009eski ULF"},"content":{"rendered":"\n<figure class=\"wp-block-image aligncenter size-full\"><img loading=\"lazy\" decoding=\"async\" width=\"1200\" height=\"822\" src=\"https:\/\/wgphoto.pl\/t\/wp-content\/uploads\/2024\/11\/IMGP6092.jpg\" alt=\"\" class=\"wp-image-5681\" srcset=\"https:\/\/wgphoto.pl\/t\/wp-content\/uploads\/2024\/11\/IMGP6092.jpg 1200w, https:\/\/wgphoto.pl\/t\/wp-content\/uploads\/2024\/11\/IMGP6092-300x206.jpg 300w, https:\/\/wgphoto.pl\/t\/wp-content\/uploads\/2024\/11\/IMGP6092-768x526.jpg 768w\" sizes=\"auto, (max-width: 1200px) 100vw, 1200px\" \/><\/figure>\n\n\n\n<div class=\"wp-block-group has-global-padding is-layout-constrained wp-block-group-is-layout-constrained\">\n<p>Oradea, Pia\u021ba Unirii. W tym rumu\u0144skim mie\u015bcie jako jedynym opr\u00f3cz Wiednia mo\u017cna spotka\u0107 tramwaje o &#8222;ultraniskiej&#8221; pod\u0142odze (18 cm powy\u017cej g\u0142\u00f3wki szyny). 10 pojazd\u00f3w odpowiadaj\u0105cych wiede\u0144skiemu typowi A<sub>1<\/sub> &#8211; z dok\u0142adno\u015bci\u0105 do malowania, wyposa\u017cenia, a nawet wszelkich naklejek &#8211; dostarczono do Rumunii w latach 2008-2009. Po pi\u0119ciu latach eksploatacji pojazdy zdaj\u0105 si\u0119 wygl\u0105da\u0107 zupe\u0142nie rze\u015bko. 2014-06-21<\/p>\n<\/div>\n","protected":false},"excerpt":{"rendered":"<p>Oradea, Pia\u021ba Unirii. W tym rumu\u0144skim mie\u015bcie jako jedynym opr\u00f3cz Wiednia mo\u017cna spotka\u0107 tramwaje o &#8222;ultraniskiej&#8221; pod\u0142odze (18 cm powy\u017cej g\u0142\u00f3wki szyny). 10 pojazd\u00f3w odpowiadaj\u0105cych wiede\u0144skiemu typowi A1 &#8211; z dok\u0142adno\u015bci\u0105 do malowania, wyposa\u017cenia, a nawet wszelkich naklejek &#8211; dostarczono do Rumunii w latach 2008-2009. Po pi\u0119ciu latach eksploatacji pojazdy zdaj\u0105 si\u0119 wygl\u0105da\u0107 zupe\u0142nie rze\u015bko. [&hellip;]<\/p>\n","protected":false},"author":1,"featured_media":5681,"comment_status":"open","ping_status":"","sticky":false,"template":"","format":"standard","meta":{"footnotes":""},"categories":[48,3],"tags":[1108,34,1109,1110,574,271],"class_list":["post-5680","post","type-post","status-publish","format-standard","has-post-thumbnail","hentry","category-rok-2014","category-tramwaj","tag-2014-06-21","tag-architektura","tag-oradea","tag-otl-oradea","tag-rumunia","tag-ulf"],"_links":{"self":[{"href":"https:\/\/wgphoto.pl\/t\/index.php?rest_route=\/wp\/v2\/posts\/5680","targetHints":{"allow":["GET"]}}],"collection":[{"href":"https:\/\/wgphoto.pl\/t\/index.php?rest_route=\/wp\/v2\/posts"}],"about":[{"href":"https:\/\/wgphoto.pl\/t\/index.php?rest_route=\/wp\/v2\/types\/post"}],"author":[{"embeddable":true,"href":"https:\/\/wgphoto.pl\/t\/index.php?rest_route=\/wp\/v2\/users\/1"}],"replies":[{"embeddable":true,"href":"https:\/\/wgphoto.pl\/t\/index.php?rest_route=%2Fwp%2Fv2%2Fcomments&post=5680"}],"version-history":[{"count":1,"href":"https:\/\/wgphoto.pl\/t\/index.php?rest_route=\/wp\/v2\/posts\/5680\/revisions"}],"predecessor-version":[{"id":5682,"href":"https:\/\/wgphoto.pl\/t\/index.php?rest_route=\/wp\/v2\/posts\/5680\/revisions\/5682"}],"wp:featuredmedia":[{"embeddable":true,"href":"https:\/\/wgphoto.pl\/t\/index.php?rest_route=\/wp\/v2\/media\/5681"}],"wp:attachment":[{"href":"https:\/\/wgphoto.pl\/t\/index.php?rest_route=%2Fwp%2Fv2%2Fmedia&parent=5680"}],"wp:term":[{"taxonomy":"category","embeddable":true,"href":"https:\/\/wgphoto.pl\/t\/index.php?rest_route=%2Fwp%2Fv2%2Fcategories&post=5680"},{"taxonomy":"post_tag","embeddable":true,"href":"https:\/\/wgphoto.pl\/t\/index.php?rest_route=%2Fwp%2Fv2%2Ftags&post=5680"}],"curies":[{"name":"wp","href":"https:\/\/api.w.org\/{rel}","templated":true}]}}