{"id":5722,"date":"2024-11-14T18:32:19","date_gmt":"2024-11-14T17:32:19","guid":{"rendered":"https:\/\/wgphoto.pl\/t\/?p=5722"},"modified":"2024-11-14T18:32:19","modified_gmt":"2024-11-14T17:32:19","slug":"42-na-petli","status":"publish","type":"post","link":"https:\/\/wgphoto.pl\/t\/?p=5722","title":{"rendered":"42 na p\u0119tli"},"content":{"rendered":"\n<figure class=\"wp-block-image aligncenter size-full\"><img loading=\"lazy\" decoding=\"async\" width=\"1200\" height=\"795\" src=\"https:\/\/wgphoto.pl\/t\/wp-content\/uploads\/2024\/11\/IMGP6599.jpg\" alt=\"\" class=\"wp-image-5723\" srcset=\"https:\/\/wgphoto.pl\/t\/wp-content\/uploads\/2024\/11\/IMGP6599.jpg 1200w, https:\/\/wgphoto.pl\/t\/wp-content\/uploads\/2024\/11\/IMGP6599-300x199.jpg 300w, https:\/\/wgphoto.pl\/t\/wp-content\/uploads\/2024\/11\/IMGP6599-768x509.jpg 768w\" sizes=\"auto, (max-width: 1200px) 100vw, 1200px\" \/><\/figure>\n\n\n\n<div class=\"wp-block-group has-global-padding is-layout-constrained wp-block-group-is-layout-constrained\">\n<p>Wiede\u0144, Chamissogasse. Poza s\u0142ynnym przejazdem przez bram\u0119 na p\u0119tli Grinzing, w stolicy Austrii istnieje nieco mniej znany przejazd w obr\u0119bie ulicznej p\u0119tli Antonigasse (tam\u017ce znajduje si\u0119 przystanek ko\u0144cowy dla kr\u00f3ciutkiej linii 42) w osiemnastej dzielnicy. 2014-08-16<\/p>\n<\/div>\n","protected":false},"excerpt":{"rendered":"<p>Wiede\u0144, Chamissogasse. Poza s\u0142ynnym przejazdem przez bram\u0119 na p\u0119tli Grinzing, w stolicy Austrii istnieje nieco mniej znany przejazd w obr\u0119bie ulicznej p\u0119tli Antonigasse (tam\u017ce znajduje si\u0119 przystanek ko\u0144cowy dla kr\u00f3ciutkiej linii 42) w osiemnastej dzielnicy. 2014-08-16<\/p>\n","protected":false},"author":1,"featured_media":5723,"comment_status":"open","ping_status":"","sticky":false,"template":"","format":"standard","meta":{"footnotes":""},"categories":[48,3],"tags":[1299,34,9,102,101,905,97,98],"class_list":["post-5722","post","type-post","status-publish","format-standard","has-post-thumbnail","hentry","category-rok-2014","category-tramwaj","tag-2014-08-16","tag-architektura","tag-austria","tag-e1","tag-gt6","tag-przez","tag-wieden","tag-wiener-linien"],"_links":{"self":[{"href":"https:\/\/wgphoto.pl\/t\/index.php?rest_route=\/wp\/v2\/posts\/5722","targetHints":{"allow":["GET"]}}],"collection":[{"href":"https:\/\/wgphoto.pl\/t\/index.php?rest_route=\/wp\/v2\/posts"}],"about":[{"href":"https:\/\/wgphoto.pl\/t\/index.php?rest_route=\/wp\/v2\/types\/post"}],"author":[{"embeddable":true,"href":"https:\/\/wgphoto.pl\/t\/index.php?rest_route=\/wp\/v2\/users\/1"}],"replies":[{"embeddable":true,"href":"https:\/\/wgphoto.pl\/t\/index.php?rest_route=%2Fwp%2Fv2%2Fcomments&post=5722"}],"version-history":[{"count":1,"href":"https:\/\/wgphoto.pl\/t\/index.php?rest_route=\/wp\/v2\/posts\/5722\/revisions"}],"predecessor-version":[{"id":5724,"href":"https:\/\/wgphoto.pl\/t\/index.php?rest_route=\/wp\/v2\/posts\/5722\/revisions\/5724"}],"wp:featuredmedia":[{"embeddable":true,"href":"https:\/\/wgphoto.pl\/t\/index.php?rest_route=\/wp\/v2\/media\/5723"}],"wp:attachment":[{"href":"https:\/\/wgphoto.pl\/t\/index.php?rest_route=%2Fwp%2Fv2%2Fmedia&parent=5722"}],"wp:term":[{"taxonomy":"category","embeddable":true,"href":"https:\/\/wgphoto.pl\/t\/index.php?rest_route=%2Fwp%2Fv2%2Fcategories&post=5722"},{"taxonomy":"post_tag","embeddable":true,"href":"https:\/\/wgphoto.pl\/t\/index.php?rest_route=%2Fwp%2Fv2%2Ftags&post=5722"}],"curies":[{"name":"wp","href":"https:\/\/api.w.org\/{rel}","templated":true}]}}