{"id":5759,"date":"2024-11-16T10:24:58","date_gmt":"2024-11-16T09:24:58","guid":{"rendered":"https:\/\/wgphoto.pl\/t\/?p=5759"},"modified":"2024-11-16T10:24:58","modified_gmt":"2024-11-16T09:24:58","slug":"wjazd-do-kakolewa","status":"publish","type":"post","link":"https:\/\/wgphoto.pl\/t\/?p=5759","title":{"rendered":"Wjazd do K\u0105kolewa"},"content":{"rendered":"\n<figure class=\"wp-block-image aligncenter size-full\"><img loading=\"lazy\" decoding=\"async\" width=\"1300\" height=\"813\" src=\"https:\/\/wgphoto.pl\/t\/wp-content\/uploads\/2024\/11\/0706-00.jpg\" alt=\"\" class=\"wp-image-5760\" srcset=\"https:\/\/wgphoto.pl\/t\/wp-content\/uploads\/2024\/11\/0706-00.jpg 1300w, https:\/\/wgphoto.pl\/t\/wp-content\/uploads\/2024\/11\/0706-00-300x188.jpg 300w, https:\/\/wgphoto.pl\/t\/wp-content\/uploads\/2024\/11\/0706-00-768x480.jpg 768w\" sizes=\"auto, (max-width: 1300px) 100vw, 1300px\" \/><\/figure>\n\n\n\n<div class=\"wp-block-group has-global-padding is-layout-constrained wp-block-group-is-layout-constrained\">\n<p>Poci\u0105g osobowy 33124 relacji Leszno &#8211; Jarocin &#8211; (Gniezno; dalsz\u0105 cz\u0119\u015b\u0107 trasy obs\u0142u\u017cy\u0142 EN57), prowadzony SU45-183, zje\u017cd\u017ca w K\u0105kolewie z &#8222;g\u0142\u00f3wnej&#8221; linii na tor w kierunku Jarocina. 24.03.2007<\/p>\n<\/div>\n","protected":false},"excerpt":{"rendered":"<p>Poci\u0105g osobowy 33124 relacji Leszno &#8211; Jarocin &#8211; (Gniezno; dalsz\u0105 cz\u0119\u015b\u0107 trasy obs\u0142u\u017cy\u0142 EN57), prowadzony SU45-183, zje\u017cd\u017ca w K\u0105kolewie z &#8222;g\u0142\u00f3wnej&#8221; linii na tor w kierunku Jarocina. 24.03.2007<\/p>\n","protected":false},"author":1,"featured_media":5760,"comment_status":"open","ping_status":"","sticky":false,"template":"","format":"standard","meta":{"footnotes":""},"categories":[62,2,96],"tags":[529,2198,63,27,290,53,485],"class_list":["post-5759","post","type-post","status-publish","format-standard","has-post-thumbnail","hentry","category-analog","category-kolej","category-rok-2007","tag-2007-03-24","tag-kakolewo","tag-pkp","tag-polska","tag-su45","tag-sygnalizacja-ksztaltowa","tag-tab-pl323"],"_links":{"self":[{"href":"https:\/\/wgphoto.pl\/t\/index.php?rest_route=\/wp\/v2\/posts\/5759","targetHints":{"allow":["GET"]}}],"collection":[{"href":"https:\/\/wgphoto.pl\/t\/index.php?rest_route=\/wp\/v2\/posts"}],"about":[{"href":"https:\/\/wgphoto.pl\/t\/index.php?rest_route=\/wp\/v2\/types\/post"}],"author":[{"embeddable":true,"href":"https:\/\/wgphoto.pl\/t\/index.php?rest_route=\/wp\/v2\/users\/1"}],"replies":[{"embeddable":true,"href":"https:\/\/wgphoto.pl\/t\/index.php?rest_route=%2Fwp%2Fv2%2Fcomments&post=5759"}],"version-history":[{"count":1,"href":"https:\/\/wgphoto.pl\/t\/index.php?rest_route=\/wp\/v2\/posts\/5759\/revisions"}],"predecessor-version":[{"id":5761,"href":"https:\/\/wgphoto.pl\/t\/index.php?rest_route=\/wp\/v2\/posts\/5759\/revisions\/5761"}],"wp:featuredmedia":[{"embeddable":true,"href":"https:\/\/wgphoto.pl\/t\/index.php?rest_route=\/wp\/v2\/media\/5760"}],"wp:attachment":[{"href":"https:\/\/wgphoto.pl\/t\/index.php?rest_route=%2Fwp%2Fv2%2Fmedia&parent=5759"}],"wp:term":[{"taxonomy":"category","embeddable":true,"href":"https:\/\/wgphoto.pl\/t\/index.php?rest_route=%2Fwp%2Fv2%2Fcategories&post=5759"},{"taxonomy":"post_tag","embeddable":true,"href":"https:\/\/wgphoto.pl\/t\/index.php?rest_route=%2Fwp%2Fv2%2Ftags&post=5759"}],"curies":[{"name":"wp","href":"https:\/\/api.w.org\/{rel}","templated":true}]}}