{"id":5774,"date":"2024-11-16T10:29:53","date_gmt":"2024-11-16T09:29:53","guid":{"rendered":"https:\/\/wgphoto.pl\/t\/?p=5774"},"modified":"2024-12-11T22:25:37","modified_gmt":"2024-12-11T21:25:37","slug":"zoomowanie-w-tunelu","status":"publish","type":"post","link":"https:\/\/wgphoto.pl\/t\/?p=5774","title":{"rendered":"Zoomowanie w tunelu"},"content":{"rendered":"\n<figure class=\"wp-block-image aligncenter size-full\"><img loading=\"lazy\" decoding=\"async\" width=\"1300\" height=\"731\" src=\"https:\/\/wgphoto.pl\/t\/wp-content\/uploads\/2024\/11\/IMGP4397-1.jpg\" alt=\"\" class=\"wp-image-5775\" srcset=\"https:\/\/wgphoto.pl\/t\/wp-content\/uploads\/2024\/11\/IMGP4397-1.jpg 1300w, https:\/\/wgphoto.pl\/t\/wp-content\/uploads\/2024\/11\/IMGP4397-1-300x169.jpg 300w, https:\/\/wgphoto.pl\/t\/wp-content\/uploads\/2024\/11\/IMGP4397-1-768x432.jpg 768w\" sizes=\"auto, (max-width: 1300px) 100vw, 1300px\" \/><\/figure>\n\n\n\n<div class=\"wp-block-group has-global-padding is-layout-constrained wp-block-group-is-layout-constrained\">\n<p>Zestaw typu C30, prowadzony jednostk\u0105 nr 2302, za par\u0119 chwil zatrzyma si\u0119 na stacji S\u00e4tra w Sztokholmie. 24.09.2021<\/p>\n<\/div>\n","protected":false},"excerpt":{"rendered":"<p>Zestaw typu C30, prowadzony jednostk\u0105 nr 2302, za par\u0119 chwil zatrzyma si\u0119 na stacji S\u00e4tra w Sztokholmie. 24.09.2021<\/p>\n","protected":false},"author":1,"featured_media":5775,"comment_status":"open","ping_status":"","sticky":false,"template":"","format":"standard","meta":{"footnotes":""},"categories":[4,681],"tags":[684,2199,905,682,1127,686,685,687,15],"class_list":["post-5774","post","type-post","status-publish","format-standard","has-post-thumbnail","hentry","category-metro","category-rok-2021","tag-2021-09-24","tag-c30","tag-przez","tag-sl-stockholm","tag-stockholms-tunnelbana","tag-sztokholm","tag-szwecja","tag-szwecja-2021","tag-tunel"],"_links":{"self":[{"href":"https:\/\/wgphoto.pl\/t\/index.php?rest_route=\/wp\/v2\/posts\/5774","targetHints":{"allow":["GET"]}}],"collection":[{"href":"https:\/\/wgphoto.pl\/t\/index.php?rest_route=\/wp\/v2\/posts"}],"about":[{"href":"https:\/\/wgphoto.pl\/t\/index.php?rest_route=\/wp\/v2\/types\/post"}],"author":[{"embeddable":true,"href":"https:\/\/wgphoto.pl\/t\/index.php?rest_route=\/wp\/v2\/users\/1"}],"replies":[{"embeddable":true,"href":"https:\/\/wgphoto.pl\/t\/index.php?rest_route=%2Fwp%2Fv2%2Fcomments&post=5774"}],"version-history":[{"count":1,"href":"https:\/\/wgphoto.pl\/t\/index.php?rest_route=\/wp\/v2\/posts\/5774\/revisions"}],"predecessor-version":[{"id":5776,"href":"https:\/\/wgphoto.pl\/t\/index.php?rest_route=\/wp\/v2\/posts\/5774\/revisions\/5776"}],"wp:featuredmedia":[{"embeddable":true,"href":"https:\/\/wgphoto.pl\/t\/index.php?rest_route=\/wp\/v2\/media\/5775"}],"wp:attachment":[{"href":"https:\/\/wgphoto.pl\/t\/index.php?rest_route=%2Fwp%2Fv2%2Fmedia&parent=5774"}],"wp:term":[{"taxonomy":"category","embeddable":true,"href":"https:\/\/wgphoto.pl\/t\/index.php?rest_route=%2Fwp%2Fv2%2Fcategories&post=5774"},{"taxonomy":"post_tag","embeddable":true,"href":"https:\/\/wgphoto.pl\/t\/index.php?rest_route=%2Fwp%2Fv2%2Ftags&post=5774"}],"curies":[{"name":"wp","href":"https:\/\/api.w.org\/{rel}","templated":true}]}}