{"id":579,"date":"2024-09-29T21:57:26","date_gmt":"2024-09-29T19:57:26","guid":{"rendered":"https:\/\/wgphoto.pl\/t\/?p=579"},"modified":"2024-09-29T21:57:26","modified_gmt":"2024-09-29T19:57:26","slug":"akcja-zima","status":"publish","type":"post","link":"https:\/\/wgphoto.pl\/t\/?p=579","title":{"rendered":"Akcja zima"},"content":{"rendered":"\n<figure class=\"wp-block-image aligncenter size-full\"><img loading=\"lazy\" decoding=\"async\" width=\"1200\" height=\"800\" src=\"https:\/\/wgphoto.pl\/t\/wp-content\/uploads\/0602-22.jpg\" alt=\"\" class=\"wp-image-580\" srcset=\"https:\/\/wgphoto.pl\/t\/wp-content\/uploads\/0602-22.jpg 1200w, https:\/\/wgphoto.pl\/t\/wp-content\/uploads\/0602-22-300x200.jpg 300w, https:\/\/wgphoto.pl\/t\/wp-content\/uploads\/0602-22-768x512.jpg 768w\" sizes=\"auto, (max-width: 1200px) 100vw, 1200px\" \/><\/figure>\n\n\n\n<div class=\"wp-block-group has-global-padding is-layout-constrained wp-block-group-is-layout-constrained\">\n<p>SM31-139 znalaz\u0142a nietypowe zatrudnienie przy usuwaniu zasp \u015bnie\u017cnych z peron\u00f3w K\u0119dzierzyna-Ko\u017ala. 18.02.2006<\/p>\n<\/div>\n","protected":false},"excerpt":{"rendered":"<p>SM31-139 znalaz\u0142a nietypowe zatrudnienie przy usuwaniu zasp \u015bnie\u017cnych z peron\u00f3w K\u0119dzierzyna-Ko\u017ala. 18.02.2006<\/p>\n","protected":false},"author":1,"featured_media":580,"comment_status":"open","ping_status":"","sticky":false,"template":"","format":"standard","meta":{"footnotes":""},"categories":[62,2,130],"tags":[267,263,24,63,27,266,44,265],"class_list":["post-579","post","type-post","status-publish","format-standard","has-post-thumbnail","hentry","category-analog","category-kolej","category-rok-2006","tag-2006-02-18","tag-kedzierzyn-kozle","tag-perony","tag-pkp","tag-polska","tag-sm31","tag-snieg","tag-wagon"],"_links":{"self":[{"href":"https:\/\/wgphoto.pl\/t\/index.php?rest_route=\/wp\/v2\/posts\/579","targetHints":{"allow":["GET"]}}],"collection":[{"href":"https:\/\/wgphoto.pl\/t\/index.php?rest_route=\/wp\/v2\/posts"}],"about":[{"href":"https:\/\/wgphoto.pl\/t\/index.php?rest_route=\/wp\/v2\/types\/post"}],"author":[{"embeddable":true,"href":"https:\/\/wgphoto.pl\/t\/index.php?rest_route=\/wp\/v2\/users\/1"}],"replies":[{"embeddable":true,"href":"https:\/\/wgphoto.pl\/t\/index.php?rest_route=%2Fwp%2Fv2%2Fcomments&post=579"}],"version-history":[{"count":1,"href":"https:\/\/wgphoto.pl\/t\/index.php?rest_route=\/wp\/v2\/posts\/579\/revisions"}],"predecessor-version":[{"id":581,"href":"https:\/\/wgphoto.pl\/t\/index.php?rest_route=\/wp\/v2\/posts\/579\/revisions\/581"}],"wp:featuredmedia":[{"embeddable":true,"href":"https:\/\/wgphoto.pl\/t\/index.php?rest_route=\/wp\/v2\/media\/580"}],"wp:attachment":[{"href":"https:\/\/wgphoto.pl\/t\/index.php?rest_route=%2Fwp%2Fv2%2Fmedia&parent=579"}],"wp:term":[{"taxonomy":"category","embeddable":true,"href":"https:\/\/wgphoto.pl\/t\/index.php?rest_route=%2Fwp%2Fv2%2Fcategories&post=579"},{"taxonomy":"post_tag","embeddable":true,"href":"https:\/\/wgphoto.pl\/t\/index.php?rest_route=%2Fwp%2Fv2%2Ftags&post=579"}],"curies":[{"name":"wp","href":"https:\/\/api.w.org\/{rel}","templated":true}]}}