{"id":5792,"date":"2024-11-16T10:36:33","date_gmt":"2024-11-16T09:36:33","guid":{"rendered":"https:\/\/wgphoto.pl\/t\/?p=5792"},"modified":"2024-11-16T10:36:33","modified_gmt":"2024-11-16T09:36:33","slug":"o-nieznajomosci","status":"publish","type":"post","link":"https:\/\/wgphoto.pl\/t\/?p=5792","title":{"rendered":"O nieznajomo\u015bci"},"content":{"rendered":"\n<figure class=\"wp-block-image aligncenter size-full\"><img loading=\"lazy\" decoding=\"async\" width=\"1300\" height=\"861\" src=\"https:\/\/wgphoto.pl\/t\/wp-content\/uploads\/2024\/11\/IMGP4388.jpg\" alt=\"\" class=\"wp-image-5795\" srcset=\"https:\/\/wgphoto.pl\/t\/wp-content\/uploads\/2024\/11\/IMGP4388.jpg 1300w, https:\/\/wgphoto.pl\/t\/wp-content\/uploads\/2024\/11\/IMGP4388-300x199.jpg 300w, https:\/\/wgphoto.pl\/t\/wp-content\/uploads\/2024\/11\/IMGP4388-768x509.jpg 768w\" sizes=\"auto, (max-width: 1300px) 100vw, 1300px\" \/><\/figure>\n\n\n\n<div class=\"wp-block-group has-global-padding is-layout-constrained wp-block-group-is-layout-constrained\">\n<p>Jednostka 671.002 jako poci\u0105g z Popradu(?) do \u017byliny zatrzymuje si\u0119 na przystanku \u0160trba zast\u00e1vka. W planie mia\u0142em klasyczne uj\u0119cie z Tatrami, widocznymi w tle, ale nieznajomo\u015b\u0107 terenu i brak czasu pozwoli\u0142y jedynie na taki kadr. 30.04.2014<\/p>\n<\/div>\n","protected":false},"excerpt":{"rendered":"<p>Jednostka 671.002 jako poci\u0105g z Popradu(?) do \u017byliny zatrzymuje si\u0119 na przystanku \u0160trba zast\u00e1vka. W planie mia\u0142em klasyczne uj\u0119cie z Tatrami, widocznymi w tle, ale nieznajomo\u015b\u0107 terenu i brak czasu pozwoli\u0142y jedynie na taki kadr. 30.04.2014<\/p>\n","protected":false},"author":1,"featured_media":5795,"comment_status":"open","ping_status":"","sticky":false,"template":"","format":"standard","meta":{"footnotes":""},"categories":[2,48],"tags":[2073,2205,114,113,675,673,469],"class_list":["post-5792","post","type-post","status-publish","format-standard","has-post-thumbnail","hentry","category-kolej","category-rok-2014","tag-2014-04-30","tag-2205","tag-gory","tag-landszaft","tag-slowacja","tag-strba-zastavka","tag-zssk"],"_links":{"self":[{"href":"https:\/\/wgphoto.pl\/t\/index.php?rest_route=\/wp\/v2\/posts\/5792","targetHints":{"allow":["GET"]}}],"collection":[{"href":"https:\/\/wgphoto.pl\/t\/index.php?rest_route=\/wp\/v2\/posts"}],"about":[{"href":"https:\/\/wgphoto.pl\/t\/index.php?rest_route=\/wp\/v2\/types\/post"}],"author":[{"embeddable":true,"href":"https:\/\/wgphoto.pl\/t\/index.php?rest_route=\/wp\/v2\/users\/1"}],"replies":[{"embeddable":true,"href":"https:\/\/wgphoto.pl\/t\/index.php?rest_route=%2Fwp%2Fv2%2Fcomments&post=5792"}],"version-history":[{"count":1,"href":"https:\/\/wgphoto.pl\/t\/index.php?rest_route=\/wp\/v2\/posts\/5792\/revisions"}],"predecessor-version":[{"id":5796,"href":"https:\/\/wgphoto.pl\/t\/index.php?rest_route=\/wp\/v2\/posts\/5792\/revisions\/5796"}],"wp:featuredmedia":[{"embeddable":true,"href":"https:\/\/wgphoto.pl\/t\/index.php?rest_route=\/wp\/v2\/media\/5795"}],"wp:attachment":[{"href":"https:\/\/wgphoto.pl\/t\/index.php?rest_route=%2Fwp%2Fv2%2Fmedia&parent=5792"}],"wp:term":[{"taxonomy":"category","embeddable":true,"href":"https:\/\/wgphoto.pl\/t\/index.php?rest_route=%2Fwp%2Fv2%2Fcategories&post=5792"},{"taxonomy":"post_tag","embeddable":true,"href":"https:\/\/wgphoto.pl\/t\/index.php?rest_route=%2Fwp%2Fv2%2Ftags&post=5792"}],"curies":[{"name":"wp","href":"https:\/\/api.w.org\/{rel}","templated":true}]}}