{"id":5797,"date":"2024-11-16T10:37:53","date_gmt":"2024-11-16T09:37:53","guid":{"rendered":"https:\/\/wgphoto.pl\/t\/?p=5797"},"modified":"2024-11-16T10:37:53","modified_gmt":"2024-11-16T09:37:53","slug":"szaro-i-buro","status":"publish","type":"post","link":"https:\/\/wgphoto.pl\/t\/?p=5797","title":{"rendered":"Szaro i buro"},"content":{"rendered":"\n<figure class=\"wp-block-image aligncenter size-full\"><img loading=\"lazy\" decoding=\"async\" width=\"1300\" height=\"862\" src=\"https:\/\/wgphoto.pl\/t\/wp-content\/uploads\/2024\/11\/0605-07.jpg\" alt=\"\" class=\"wp-image-5798\" srcset=\"https:\/\/wgphoto.pl\/t\/wp-content\/uploads\/2024\/11\/0605-07.jpg 1300w, https:\/\/wgphoto.pl\/t\/wp-content\/uploads\/2024\/11\/0605-07-300x199.jpg 300w, https:\/\/wgphoto.pl\/t\/wp-content\/uploads\/2024\/11\/0605-07-768x509.jpg 768w\" sizes=\"auto, (max-width: 1300px) 100vw, 1300px\" \/><\/figure>\n\n\n\n<div class=\"wp-block-group has-global-padding is-layout-constrained wp-block-group-is-layout-constrained\">\n<p>Mo\u017ce tego nie wida\u0107, ale poci\u0105g osobowy 218 z Jeleniej G\u00f3ry do Wroc\u0142awia, prowadzony EU07-306, zatrzymuje si\u0119 w\u0142a\u015bnie przy peronie przystanku w Ciechanowicach. Wsp\u00f3\u0142cze\u015bnie \u00f3w peron zyska\u0142 europejskiego sznytu i powt\u00f3rk\u0119 takiego kadru skutecznie uniemo\u017cliwiaj\u0105 niebieskie barierki. 17.04.2006<\/p>\n<\/div>\n","protected":false},"excerpt":{"rendered":"<p>Mo\u017ce tego nie wida\u0107, ale poci\u0105g osobowy 218 z Jeleniej G\u00f3ry do Wroc\u0142awia, prowadzony EU07-306, zatrzymuje si\u0119 w\u0142a\u015bnie przy peronie przystanku w Ciechanowicach. Wsp\u00f3\u0142cze\u015bnie \u00f3w peron zyska\u0142 europejskiego sznytu i powt\u00f3rk\u0119 takiego kadru skutecznie uniemo\u017cliwiaj\u0105 niebieskie barierki. 17.04.2006<\/p>\n","protected":false},"author":1,"featured_media":5798,"comment_status":"open","ping_status":"","sticky":false,"template":"","format":"standard","meta":{"footnotes":""},"categories":[62,2,130],"tags":[2206,418,288,2045,122,114,63,27,200],"class_list":["post-5797","post","type-post","status-publish","format-standard","has-post-thumbnail","hentry","category-analog","category-kolej","category-rok-2006","tag-2006-04-17","tag-auto","tag-bipa","tag-ciechanowice","tag-eu07","tag-gory","tag-pkp","tag-polska","tag-tab-pl240"],"_links":{"self":[{"href":"https:\/\/wgphoto.pl\/t\/index.php?rest_route=\/wp\/v2\/posts\/5797","targetHints":{"allow":["GET"]}}],"collection":[{"href":"https:\/\/wgphoto.pl\/t\/index.php?rest_route=\/wp\/v2\/posts"}],"about":[{"href":"https:\/\/wgphoto.pl\/t\/index.php?rest_route=\/wp\/v2\/types\/post"}],"author":[{"embeddable":true,"href":"https:\/\/wgphoto.pl\/t\/index.php?rest_route=\/wp\/v2\/users\/1"}],"replies":[{"embeddable":true,"href":"https:\/\/wgphoto.pl\/t\/index.php?rest_route=%2Fwp%2Fv2%2Fcomments&post=5797"}],"version-history":[{"count":1,"href":"https:\/\/wgphoto.pl\/t\/index.php?rest_route=\/wp\/v2\/posts\/5797\/revisions"}],"predecessor-version":[{"id":5799,"href":"https:\/\/wgphoto.pl\/t\/index.php?rest_route=\/wp\/v2\/posts\/5797\/revisions\/5799"}],"wp:featuredmedia":[{"embeddable":true,"href":"https:\/\/wgphoto.pl\/t\/index.php?rest_route=\/wp\/v2\/media\/5798"}],"wp:attachment":[{"href":"https:\/\/wgphoto.pl\/t\/index.php?rest_route=%2Fwp%2Fv2%2Fmedia&parent=5797"}],"wp:term":[{"taxonomy":"category","embeddable":true,"href":"https:\/\/wgphoto.pl\/t\/index.php?rest_route=%2Fwp%2Fv2%2Fcategories&post=5797"},{"taxonomy":"post_tag","embeddable":true,"href":"https:\/\/wgphoto.pl\/t\/index.php?rest_route=%2Fwp%2Fv2%2Ftags&post=5797"}],"curies":[{"name":"wp","href":"https:\/\/api.w.org\/{rel}","templated":true}]}}