{"id":5821,"date":"2024-11-16T10:46:18","date_gmt":"2024-11-16T09:46:18","guid":{"rendered":"https:\/\/wgphoto.pl\/t\/?p=5821"},"modified":"2024-11-16T10:46:18","modified_gmt":"2024-11-16T09:46:18","slug":"simply-live","status":"publish","type":"post","link":"https:\/\/wgphoto.pl\/t\/?p=5821","title":{"rendered":"Simply live"},"content":{"rendered":"\n<figure class=\"wp-block-image aligncenter size-full\"><img loading=\"lazy\" decoding=\"async\" width=\"1300\" height=\"813\" src=\"https:\/\/wgphoto.pl\/t\/wp-content\/uploads\/2024\/11\/IMGP2759.jpg\" alt=\"\" class=\"wp-image-5822\" srcset=\"https:\/\/wgphoto.pl\/t\/wp-content\/uploads\/2024\/11\/IMGP2759.jpg 1300w, https:\/\/wgphoto.pl\/t\/wp-content\/uploads\/2024\/11\/IMGP2759-300x188.jpg 300w, https:\/\/wgphoto.pl\/t\/wp-content\/uploads\/2024\/11\/IMGP2759-768x480.jpg 768w\" sizes=\"auto, (max-width: 1300px) 100vw, 1300px\" \/><\/figure>\n\n\n\n<div class=\"wp-block-group has-global-padding is-layout-constrained wp-block-group-is-layout-constrained\">\n<p>Poranne skomunikowanie w S\u0119dzis\u0142awiu. Przy peronie zatrzymuje si\u0119 jednostka 31WE-002 jako poci\u0105g osobowy 69228 z Jeleniej G\u00f3ry do Wroc\u0142awia, obok stoi motorak 810.536-3, kt\u00f3ry odjedzie do Trutnova. Babka na pierwszym planie oczywi\u015bcie pokrzy\u017cowa\u0142a mi plany, ale gdy si\u0119 obr\u00f3ci\u0142a do mnie ty\u0142kiem pokazuj\u0105c haft na p\u0142aszczyku, pasuj\u0105cym zreszt\u0105 kolorystycznie do motoraka, foto nabra\u0142o zupe\u0142nie nowego wymiaru. 25.08.2021<\/p>\n<\/div>\n","protected":false},"excerpt":{"rendered":"<p>Poranne skomunikowanie w S\u0119dzis\u0142awiu. Przy peronie zatrzymuje si\u0119 jednostka 31WE-002 jako poci\u0105g osobowy 69228 z Jeleniej G\u00f3ry do Wroc\u0142awia, obok stoi motorak 810.536-3, kt\u00f3ry odjedzie do Trutnova. Babka na pierwszym planie oczywi\u015bcie pokrzy\u017cowa\u0142a mi plany, ale gdy si\u0119 obr\u00f3ci\u0142a do mnie ty\u0142kiem pokazuj\u0105c haft na p\u0142aszczyku, pasuj\u0105cym zreszt\u0105 kolorystycznie do motoraka, foto nabra\u0142o zupe\u0142nie nowego [&hellip;]<\/p>\n","protected":false},"author":1,"featured_media":5822,"comment_status":"open","ping_status":"","sticky":false,"template":"","format":"standard","meta":{"footnotes":""},"categories":[2,681],"tags":[2214,659,92,933,402,395,404,27,176,1061,200],"class_list":["post-5821","post","type-post","status-publish","format-standard","has-post-thumbnail","hentry","category-kolej","category-rok-2021","tag-2021-08-25","tag-31we","tag-92","tag-gwtr","tag-kd","tag-lustro","tag-newag-impuls","tag-polska","tag-rano","tag-sedzislaw","tag-tab-pl240"],"_links":{"self":[{"href":"https:\/\/wgphoto.pl\/t\/index.php?rest_route=\/wp\/v2\/posts\/5821","targetHints":{"allow":["GET"]}}],"collection":[{"href":"https:\/\/wgphoto.pl\/t\/index.php?rest_route=\/wp\/v2\/posts"}],"about":[{"href":"https:\/\/wgphoto.pl\/t\/index.php?rest_route=\/wp\/v2\/types\/post"}],"author":[{"embeddable":true,"href":"https:\/\/wgphoto.pl\/t\/index.php?rest_route=\/wp\/v2\/users\/1"}],"replies":[{"embeddable":true,"href":"https:\/\/wgphoto.pl\/t\/index.php?rest_route=%2Fwp%2Fv2%2Fcomments&post=5821"}],"version-history":[{"count":1,"href":"https:\/\/wgphoto.pl\/t\/index.php?rest_route=\/wp\/v2\/posts\/5821\/revisions"}],"predecessor-version":[{"id":5823,"href":"https:\/\/wgphoto.pl\/t\/index.php?rest_route=\/wp\/v2\/posts\/5821\/revisions\/5823"}],"wp:featuredmedia":[{"embeddable":true,"href":"https:\/\/wgphoto.pl\/t\/index.php?rest_route=\/wp\/v2\/media\/5822"}],"wp:attachment":[{"href":"https:\/\/wgphoto.pl\/t\/index.php?rest_route=%2Fwp%2Fv2%2Fmedia&parent=5821"}],"wp:term":[{"taxonomy":"category","embeddable":true,"href":"https:\/\/wgphoto.pl\/t\/index.php?rest_route=%2Fwp%2Fv2%2Fcategories&post=5821"},{"taxonomy":"post_tag","embeddable":true,"href":"https:\/\/wgphoto.pl\/t\/index.php?rest_route=%2Fwp%2Fv2%2Ftags&post=5821"}],"curies":[{"name":"wp","href":"https:\/\/api.w.org\/{rel}","templated":true}]}}