{"id":5830,"date":"2024-11-16T10:50:18","date_gmt":"2024-11-16T09:50:18","guid":{"rendered":"https:\/\/wgphoto.pl\/t\/?p=5830"},"modified":"2024-11-16T10:50:18","modified_gmt":"2024-11-16T09:50:18","slug":"nurek-pod-halda","status":"publish","type":"post","link":"https:\/\/wgphoto.pl\/t\/?p=5830","title":{"rendered":"Nurek pod ha\u0142d\u0105"},"content":{"rendered":"\n<figure class=\"wp-block-image aligncenter size-full\"><img loading=\"lazy\" decoding=\"async\" width=\"1300\" height=\"870\" src=\"https:\/\/wgphoto.pl\/t\/wp-content\/uploads\/2024\/11\/IMGP9897.jpg\" alt=\"\" class=\"wp-image-5831\" srcset=\"https:\/\/wgphoto.pl\/t\/wp-content\/uploads\/2024\/11\/IMGP9897.jpg 1300w, https:\/\/wgphoto.pl\/t\/wp-content\/uploads\/2024\/11\/IMGP9897-300x201.jpg 300w, https:\/\/wgphoto.pl\/t\/wp-content\/uploads\/2024\/11\/IMGP9897-768x514.jpg 768w\" sizes=\"auto, (max-width: 1300px) 100vw, 1300px\" \/><\/figure>\n\n\n\n<div class=\"wp-block-group has-global-padding is-layout-constrained wp-block-group-is-layout-constrained\">\n<p>Brejlovec 754.068-5 z poci\u0105giem osobowym 3150 Ostrava hl.n. &#8211; Fr\u00fddlant nad Ostravic\u00ed zatrzymuje si\u0119 na stacji Paskov pod ha\u0142d\u0105 miejscowej kopalni. 12.10.2012<\/p>\n<\/div>\n","protected":false},"excerpt":{"rendered":"<p>Brejlovec 754.068-5 z poci\u0105giem osobowym 3150 Ostrava hl.n. &#8211; Fr\u00fddlant nad Ostravic\u00ed zatrzymuje si\u0119 na stacji Paskov pod ha\u0142d\u0105 miejscowej kopalni. 12.10.2012<\/p>\n","protected":false},"author":1,"featured_media":5831,"comment_status":"open","ping_status":"","sticky":false,"template":"","format":"standard","meta":{"footnotes":""},"categories":[2,46],"tags":[2216,335,50,49,303,126,2215,1743],"class_list":["post-5830","post","type-post","status-publish","format-standard","has-post-thumbnail","hentry","category-kolej","category-rok-2012","tag-2012-10-12","tag-335","tag-cd","tag-czechy","tag-industrial","tag-jesien","tag-paskov","tag-tab-cz323"],"_links":{"self":[{"href":"https:\/\/wgphoto.pl\/t\/index.php?rest_route=\/wp\/v2\/posts\/5830","targetHints":{"allow":["GET"]}}],"collection":[{"href":"https:\/\/wgphoto.pl\/t\/index.php?rest_route=\/wp\/v2\/posts"}],"about":[{"href":"https:\/\/wgphoto.pl\/t\/index.php?rest_route=\/wp\/v2\/types\/post"}],"author":[{"embeddable":true,"href":"https:\/\/wgphoto.pl\/t\/index.php?rest_route=\/wp\/v2\/users\/1"}],"replies":[{"embeddable":true,"href":"https:\/\/wgphoto.pl\/t\/index.php?rest_route=%2Fwp%2Fv2%2Fcomments&post=5830"}],"version-history":[{"count":1,"href":"https:\/\/wgphoto.pl\/t\/index.php?rest_route=\/wp\/v2\/posts\/5830\/revisions"}],"predecessor-version":[{"id":5832,"href":"https:\/\/wgphoto.pl\/t\/index.php?rest_route=\/wp\/v2\/posts\/5830\/revisions\/5832"}],"wp:featuredmedia":[{"embeddable":true,"href":"https:\/\/wgphoto.pl\/t\/index.php?rest_route=\/wp\/v2\/media\/5831"}],"wp:attachment":[{"href":"https:\/\/wgphoto.pl\/t\/index.php?rest_route=%2Fwp%2Fv2%2Fmedia&parent=5830"}],"wp:term":[{"taxonomy":"category","embeddable":true,"href":"https:\/\/wgphoto.pl\/t\/index.php?rest_route=%2Fwp%2Fv2%2Fcategories&post=5830"},{"taxonomy":"post_tag","embeddable":true,"href":"https:\/\/wgphoto.pl\/t\/index.php?rest_route=%2Fwp%2Fv2%2Ftags&post=5830"}],"curies":[{"name":"wp","href":"https:\/\/api.w.org\/{rel}","templated":true}]}}