{"id":5839,"date":"2024-11-16T10:53:46","date_gmt":"2024-11-16T09:53:46","guid":{"rendered":"https:\/\/wgphoto.pl\/t\/?p=5839"},"modified":"2024-11-16T10:53:46","modified_gmt":"2024-11-16T09:53:46","slug":"regina-w-dzungli","status":"publish","type":"post","link":"https:\/\/wgphoto.pl\/t\/?p=5839","title":{"rendered":"Regina w d\u017cungli"},"content":{"rendered":"\n<figure class=\"wp-block-image aligncenter size-full\"><img loading=\"lazy\" decoding=\"async\" width=\"1300\" height=\"870\" src=\"https:\/\/wgphoto.pl\/t\/wp-content\/uploads\/2024\/11\/IMGP4269.jpg\" alt=\"\" class=\"wp-image-5840\" srcset=\"https:\/\/wgphoto.pl\/t\/wp-content\/uploads\/2024\/11\/IMGP4269.jpg 1300w, https:\/\/wgphoto.pl\/t\/wp-content\/uploads\/2024\/11\/IMGP4269-300x201.jpg 300w, https:\/\/wgphoto.pl\/t\/wp-content\/uploads\/2024\/11\/IMGP4269-768x514.jpg 768w\" sizes=\"auto, (max-width: 1300px) 100vw, 1300px\" \/><\/figure>\n\n\n\n<div class=\"wp-block-group has-global-padding is-layout-constrained wp-block-group-is-layout-constrained\">\n<p>Vran\u00e9 nad Vltavou. Regina 814.225 jad\u0105c jako poci\u0105g osobowy 19051 relacji Praha hl.n. &#8211; Dob\u0159\u00ed\u0161 wy\u0142ania si\u0119 z mg\u0142y w\u015br\u00f3d akacji niczym w r\u00f3wnikowej d\u017cungli. Semafor\u00f3w kszta\u0142towych na tej stacji ju\u017c od dawna nie ma. 28.09.2011<\/p>\n<\/div>\n","protected":false},"excerpt":{"rendered":"<p>Vran\u00e9 nad Vltavou. Regina 814.225 jad\u0105c jako poci\u0105g osobowy 19051 relacji Praha hl.n. &#8211; Dob\u0159\u00ed\u0161 wy\u0142ania si\u0119 z mg\u0142y w\u015br\u00f3d akacji niczym w r\u00f3wnikowej d\u017cungli. Semafor\u00f3w kszta\u0142towych na tej stacji ju\u017c od dawna nie ma. 28.09.2011<\/p>\n","protected":false},"author":1,"featured_media":5840,"comment_status":"open","ping_status":"","sticky":false,"template":"","format":"standard","meta":{"footnotes":""},"categories":[2,77],"tags":[2219,211,50,49,196,821,176,53,2218,2217],"class_list":["post-5839","post","type-post","status-publish","format-standard","has-post-thumbnail","hentry","category-kolej","category-rok-2011","tag-2011-09-28","tag-211","tag-cd","tag-czechy","tag-linie-raczej-lokalne","tag-mgla","tag-rano","tag-sygnalizacja-ksztaltowa","tag-tab-cz210","tag-vrane-nad-vltavou"],"_links":{"self":[{"href":"https:\/\/wgphoto.pl\/t\/index.php?rest_route=\/wp\/v2\/posts\/5839","targetHints":{"allow":["GET"]}}],"collection":[{"href":"https:\/\/wgphoto.pl\/t\/index.php?rest_route=\/wp\/v2\/posts"}],"about":[{"href":"https:\/\/wgphoto.pl\/t\/index.php?rest_route=\/wp\/v2\/types\/post"}],"author":[{"embeddable":true,"href":"https:\/\/wgphoto.pl\/t\/index.php?rest_route=\/wp\/v2\/users\/1"}],"replies":[{"embeddable":true,"href":"https:\/\/wgphoto.pl\/t\/index.php?rest_route=%2Fwp%2Fv2%2Fcomments&post=5839"}],"version-history":[{"count":1,"href":"https:\/\/wgphoto.pl\/t\/index.php?rest_route=\/wp\/v2\/posts\/5839\/revisions"}],"predecessor-version":[{"id":5841,"href":"https:\/\/wgphoto.pl\/t\/index.php?rest_route=\/wp\/v2\/posts\/5839\/revisions\/5841"}],"wp:featuredmedia":[{"embeddable":true,"href":"https:\/\/wgphoto.pl\/t\/index.php?rest_route=\/wp\/v2\/media\/5840"}],"wp:attachment":[{"href":"https:\/\/wgphoto.pl\/t\/index.php?rest_route=%2Fwp%2Fv2%2Fmedia&parent=5839"}],"wp:term":[{"taxonomy":"category","embeddable":true,"href":"https:\/\/wgphoto.pl\/t\/index.php?rest_route=%2Fwp%2Fv2%2Fcategories&post=5839"},{"taxonomy":"post_tag","embeddable":true,"href":"https:\/\/wgphoto.pl\/t\/index.php?rest_route=%2Fwp%2Fv2%2Ftags&post=5839"}],"curies":[{"name":"wp","href":"https:\/\/api.w.org\/{rel}","templated":true}]}}