{"id":5842,"date":"2024-11-16T10:56:50","date_gmt":"2024-11-16T09:56:50","guid":{"rendered":"https:\/\/wgphoto.pl\/t\/?p=5842"},"modified":"2024-11-16T10:56:50","modified_gmt":"2024-11-16T09:56:50","slug":"749-107-9-horni-lipova","status":"publish","type":"post","link":"https:\/\/wgphoto.pl\/t\/?p=5842","title":{"rendered":"749.107-9, Horn\u00ed Lipov\u00e1"},"content":{"rendered":"\n<figure class=\"wp-block-image aligncenter size-full\"><img loading=\"lazy\" decoding=\"async\" width=\"1300\" height=\"870\" src=\"https:\/\/wgphoto.pl\/t\/wp-content\/uploads\/2024\/11\/IMGP0476.jpg\" alt=\"\" class=\"wp-image-5843\" srcset=\"https:\/\/wgphoto.pl\/t\/wp-content\/uploads\/2024\/11\/IMGP0476.jpg 1300w, https:\/\/wgphoto.pl\/t\/wp-content\/uploads\/2024\/11\/IMGP0476-300x201.jpg 300w, https:\/\/wgphoto.pl\/t\/wp-content\/uploads\/2024\/11\/IMGP0476-768x514.jpg 768w\" sizes=\"auto, (max-width: 1300px) 100vw, 1300px\" \/><\/figure>\n\n\n\n<div class=\"wp-block-group has-global-padding is-layout-constrained wp-block-group-is-layout-constrained\">\n<p>Bardotka 749.107-9 z rychlikiem 909 &#8222;Prad\u011bd&#8221; relacji Brno hl.n. &#8211; Jesen\u00edk wyjecha\u0142a przed chwil\u0105 ze stacji Horn\u00ed Lipov\u00e1. W takim plenerze nic tylko foci\u0107, ale nie zagrzybionym obiektywem. \ud83d\ude41 27.10.2009<\/p>\n<\/div>\n","protected":false},"excerpt":{"rendered":"<p>Bardotka 749.107-9 z rychlikiem 909 &#8222;Prad\u011bd&#8221; relacji Brno hl.n. &#8211; Jesen\u00edk wyjecha\u0142a przed chwil\u0105 ze stacji Horn\u00ed Lipov\u00e1. W takim plenerze nic tylko foci\u0107, ale nie zagrzybionym obiektywem. \ud83d\ude41 27.10.2009<\/p>\n","protected":false},"author":1,"featured_media":5843,"comment_status":"open","ping_status":"","sticky":false,"template":"","format":"standard","meta":{"footnotes":""},"categories":[2,169],"tags":[1979,1058,50,49,114,2220,126,1495,167],"class_list":["post-5842","post","type-post","status-publish","format-standard","has-post-thumbnail","hentry","category-kolej","category-rok-2009","tag-2009-10-27","tag-1058","tag-cd","tag-czechy","tag-gory","tag-horni-lipova","tag-jesien","tag-lipova-lazne","tag-tab-cz292"],"_links":{"self":[{"href":"https:\/\/wgphoto.pl\/t\/index.php?rest_route=\/wp\/v2\/posts\/5842","targetHints":{"allow":["GET"]}}],"collection":[{"href":"https:\/\/wgphoto.pl\/t\/index.php?rest_route=\/wp\/v2\/posts"}],"about":[{"href":"https:\/\/wgphoto.pl\/t\/index.php?rest_route=\/wp\/v2\/types\/post"}],"author":[{"embeddable":true,"href":"https:\/\/wgphoto.pl\/t\/index.php?rest_route=\/wp\/v2\/users\/1"}],"replies":[{"embeddable":true,"href":"https:\/\/wgphoto.pl\/t\/index.php?rest_route=%2Fwp%2Fv2%2Fcomments&post=5842"}],"version-history":[{"count":1,"href":"https:\/\/wgphoto.pl\/t\/index.php?rest_route=\/wp\/v2\/posts\/5842\/revisions"}],"predecessor-version":[{"id":5844,"href":"https:\/\/wgphoto.pl\/t\/index.php?rest_route=\/wp\/v2\/posts\/5842\/revisions\/5844"}],"wp:featuredmedia":[{"embeddable":true,"href":"https:\/\/wgphoto.pl\/t\/index.php?rest_route=\/wp\/v2\/media\/5843"}],"wp:attachment":[{"href":"https:\/\/wgphoto.pl\/t\/index.php?rest_route=%2Fwp%2Fv2%2Fmedia&parent=5842"}],"wp:term":[{"taxonomy":"category","embeddable":true,"href":"https:\/\/wgphoto.pl\/t\/index.php?rest_route=%2Fwp%2Fv2%2Fcategories&post=5842"},{"taxonomy":"post_tag","embeddable":true,"href":"https:\/\/wgphoto.pl\/t\/index.php?rest_route=%2Fwp%2Fv2%2Ftags&post=5842"}],"curies":[{"name":"wp","href":"https:\/\/api.w.org\/{rel}","templated":true}]}}