{"id":5854,"date":"2024-11-16T11:03:05","date_gmt":"2024-11-16T10:03:05","guid":{"rendered":"https:\/\/wgphoto.pl\/t\/?p=5854"},"modified":"2024-11-16T11:03:05","modified_gmt":"2024-11-16T10:03:05","slug":"sa101-001-wieliczka-rynek","status":"publish","type":"post","link":"https:\/\/wgphoto.pl\/t\/?p=5854","title":{"rendered":"SA101-001, Wieliczka Rynek"},"content":{"rendered":"\n<figure class=\"wp-block-image aligncenter size-full\"><img loading=\"lazy\" decoding=\"async\" width=\"1200\" height=\"800\" src=\"https:\/\/wgphoto.pl\/t\/wp-content\/uploads\/2024\/11\/0418-26.jpg\" alt=\"\" class=\"wp-image-5855\" srcset=\"https:\/\/wgphoto.pl\/t\/wp-content\/uploads\/2024\/11\/0418-26.jpg 1200w, https:\/\/wgphoto.pl\/t\/wp-content\/uploads\/2024\/11\/0418-26-300x200.jpg 300w, https:\/\/wgphoto.pl\/t\/wp-content\/uploads\/2024\/11\/0418-26-768x512.jpg 768w\" sizes=\"auto, (max-width: 1200px) 100vw, 1200px\" \/><\/figure>\n\n\n\n<div class=\"wp-block-group has-global-padding is-layout-constrained wp-block-group-is-layout-constrained\">\n<p>SA101-001, sfotografowany od strony wagonu sterowniczego SA121, jako poci\u0105g osobowy nr 427 z Krakowa G\u0142\u00f3wnego sko\u0144czy\u0142 bieg na przystanku Wieliczka Rynek. 04.08.2004<\/p>\n<\/div>\n","protected":false},"excerpt":{"rendered":"<p>SA101-001, sfotografowany od strony wagonu sterowniczego SA121, jako poci\u0105g osobowy nr 427 z Krakowa G\u0142\u00f3wnego sko\u0144czy\u0142 bieg na przystanku Wieliczka Rynek. 04.08.2004<\/p>\n","protected":false},"author":1,"featured_media":5855,"comment_status":"open","ping_status":"","sticky":false,"template":"","format":"standard","meta":{"footnotes":""},"categories":[62,2,61],"tags":[1270,151,94,63,27,2226,2225,2224],"class_list":["post-5854","post","type-post","status-publish","format-standard","has-post-thumbnail","hentry","category-analog","category-kolej","category-rok-2004","tag-2004-08-04","tag-ludzie","tag-na-kolejowym-koncu-swiata","tag-pkp","tag-polska","tag-sa101","tag-tab-pl120","tag-wieliczka-rynek"],"_links":{"self":[{"href":"https:\/\/wgphoto.pl\/t\/index.php?rest_route=\/wp\/v2\/posts\/5854","targetHints":{"allow":["GET"]}}],"collection":[{"href":"https:\/\/wgphoto.pl\/t\/index.php?rest_route=\/wp\/v2\/posts"}],"about":[{"href":"https:\/\/wgphoto.pl\/t\/index.php?rest_route=\/wp\/v2\/types\/post"}],"author":[{"embeddable":true,"href":"https:\/\/wgphoto.pl\/t\/index.php?rest_route=\/wp\/v2\/users\/1"}],"replies":[{"embeddable":true,"href":"https:\/\/wgphoto.pl\/t\/index.php?rest_route=%2Fwp%2Fv2%2Fcomments&post=5854"}],"version-history":[{"count":1,"href":"https:\/\/wgphoto.pl\/t\/index.php?rest_route=\/wp\/v2\/posts\/5854\/revisions"}],"predecessor-version":[{"id":5856,"href":"https:\/\/wgphoto.pl\/t\/index.php?rest_route=\/wp\/v2\/posts\/5854\/revisions\/5856"}],"wp:featuredmedia":[{"embeddable":true,"href":"https:\/\/wgphoto.pl\/t\/index.php?rest_route=\/wp\/v2\/media\/5855"}],"wp:attachment":[{"href":"https:\/\/wgphoto.pl\/t\/index.php?rest_route=%2Fwp%2Fv2%2Fmedia&parent=5854"}],"wp:term":[{"taxonomy":"category","embeddable":true,"href":"https:\/\/wgphoto.pl\/t\/index.php?rest_route=%2Fwp%2Fv2%2Fcategories&post=5854"},{"taxonomy":"post_tag","embeddable":true,"href":"https:\/\/wgphoto.pl\/t\/index.php?rest_route=%2Fwp%2Fv2%2Ftags&post=5854"}],"curies":[{"name":"wp","href":"https:\/\/api.w.org\/{rel}","templated":true}]}}