{"id":5860,"date":"2024-11-16T11:05:06","date_gmt":"2024-11-16T10:05:06","guid":{"rendered":"https:\/\/wgphoto.pl\/t\/?p=5860"},"modified":"2024-11-16T11:05:06","modified_gmt":"2024-11-16T10:05:06","slug":"aleja-ukladu-slonecznego","status":"publish","type":"post","link":"https:\/\/wgphoto.pl\/t\/?p=5860","title":{"rendered":"Aleja Uk\u0142adu S\u0142onecznego"},"content":{"rendered":"\n<figure class=\"wp-block-image aligncenter size-full\"><img loading=\"lazy\" decoding=\"async\" width=\"1300\" height=\"861\" src=\"https:\/\/wgphoto.pl\/t\/wp-content\/uploads\/2024\/11\/IMGP0847.jpg\" alt=\"\" class=\"wp-image-5861\" srcset=\"https:\/\/wgphoto.pl\/t\/wp-content\/uploads\/2024\/11\/IMGP0847.jpg 1300w, https:\/\/wgphoto.pl\/t\/wp-content\/uploads\/2024\/11\/IMGP0847-300x199.jpg 300w, https:\/\/wgphoto.pl\/t\/wp-content\/uploads\/2024\/11\/IMGP0847-768x509.jpg 768w\" sizes=\"auto, (max-width: 1300px) 100vw, 1300px\" \/><\/figure>\n\n\n\n<div class=\"wp-block-group has-global-padding is-layout-constrained wp-block-group-is-layout-constrained\">\n<p>Parla, Avenida del Sistema Solar. Citadis302 nr 07 obs\u0142uguj\u0105cy &#8222;zer\u00f3wk\u0119 lew\u0105&#8221; zaraz zatrzyma si\u0119 na przystanku o nazwie to\u017csamej z nazw\u0105 ulicy. 09.11.2013<\/p>\n<\/div>\n","protected":false},"excerpt":{"rendered":"<p>Parla, Avenida del Sistema Solar. Citadis302 nr 07 obs\u0142uguj\u0105cy &#8222;zer\u00f3wk\u0119 lew\u0105&#8221; zaraz zatrzyma si\u0119 na przystanku o nazwie to\u017csamej z nazw\u0105 ulicy. 09.11.2013<\/p>\n","protected":false},"author":1,"featured_media":5861,"comment_status":"open","ping_status":"","sticky":false,"template":"","format":"standard","meta":{"footnotes":""},"categories":[55,3],"tags":[1136,170,159,1135,223,2228],"class_list":["post-5860","post","type-post","status-publish","format-standard","has-post-thumbnail","hentry","category-rok-2013","category-tramwaj","tag-2013-11-09","tag-alstom-citadis302","tag-hiszpania","tag-parla","tag-symetria","tag-tranvia-de-parla"],"_links":{"self":[{"href":"https:\/\/wgphoto.pl\/t\/index.php?rest_route=\/wp\/v2\/posts\/5860","targetHints":{"allow":["GET"]}}],"collection":[{"href":"https:\/\/wgphoto.pl\/t\/index.php?rest_route=\/wp\/v2\/posts"}],"about":[{"href":"https:\/\/wgphoto.pl\/t\/index.php?rest_route=\/wp\/v2\/types\/post"}],"author":[{"embeddable":true,"href":"https:\/\/wgphoto.pl\/t\/index.php?rest_route=\/wp\/v2\/users\/1"}],"replies":[{"embeddable":true,"href":"https:\/\/wgphoto.pl\/t\/index.php?rest_route=%2Fwp%2Fv2%2Fcomments&post=5860"}],"version-history":[{"count":1,"href":"https:\/\/wgphoto.pl\/t\/index.php?rest_route=\/wp\/v2\/posts\/5860\/revisions"}],"predecessor-version":[{"id":5862,"href":"https:\/\/wgphoto.pl\/t\/index.php?rest_route=\/wp\/v2\/posts\/5860\/revisions\/5862"}],"wp:featuredmedia":[{"embeddable":true,"href":"https:\/\/wgphoto.pl\/t\/index.php?rest_route=\/wp\/v2\/media\/5861"}],"wp:attachment":[{"href":"https:\/\/wgphoto.pl\/t\/index.php?rest_route=%2Fwp%2Fv2%2Fmedia&parent=5860"}],"wp:term":[{"taxonomy":"category","embeddable":true,"href":"https:\/\/wgphoto.pl\/t\/index.php?rest_route=%2Fwp%2Fv2%2Fcategories&post=5860"},{"taxonomy":"post_tag","embeddable":true,"href":"https:\/\/wgphoto.pl\/t\/index.php?rest_route=%2Fwp%2Fv2%2Ftags&post=5860"}],"curies":[{"name":"wp","href":"https:\/\/api.w.org\/{rel}","templated":true}]}}