{"id":588,"date":"2024-09-29T22:02:08","date_gmt":"2024-09-29T20:02:08","guid":{"rendered":"https:\/\/wgphoto.pl\/t\/?p=588"},"modified":"2024-09-29T22:02:08","modified_gmt":"2024-09-29T20:02:08","slug":"wien","status":"publish","type":"post","link":"https:\/\/wgphoto.pl\/t\/?p=588","title":{"rendered":"Wien"},"content":{"rendered":"\n<figure class=\"wp-block-image aligncenter size-full\"><img loading=\"lazy\" decoding=\"async\" width=\"1200\" height=\"803\" src=\"https:\/\/wgphoto.pl\/t\/wp-content\/uploads\/IMGP1039.jpg\" alt=\"\" class=\"wp-image-589\" srcset=\"https:\/\/wgphoto.pl\/t\/wp-content\/uploads\/IMGP1039.jpg 1200w, https:\/\/wgphoto.pl\/t\/wp-content\/uploads\/IMGP1039-300x201.jpg 300w, https:\/\/wgphoto.pl\/t\/wp-content\/uploads\/IMGP1039-768x514.jpg 768w\" sizes=\"auto, (max-width: 1200px) 100vw, 1200px\" \/><\/figure>\n\n\n\n<div class=\"wp-block-group has-global-padding is-layout-constrained wp-block-group-is-layout-constrained\">\n<p>Wiede\u0144, Radetzkybr\u00fccke. Wagon typu B nr 612 przekracza rzek\u0119 Wien, kt\u00f3ra tu\u017c za mostem wpada do Kana\u0142u Dunaju. 13.12.2009<\/p>\n<\/div>\n","protected":false},"excerpt":{"rendered":"<p>Wiede\u0144, Radetzkybr\u00fccke. Wagon typu B nr 612 przekracza rzek\u0119 Wien, kt\u00f3ra tu\u017c za mostem wpada do Kana\u0142u Dunaju. 13.12.2009<\/p>\n","protected":false},"author":1,"featured_media":589,"comment_status":"open","ping_status":"","sticky":false,"template":"","format":"standard","meta":{"footnotes":""},"categories":[169,3],"tags":[272,9,45,271,97,98],"class_list":["post-588","post","type-post","status-publish","format-standard","has-post-thumbnail","hentry","category-rok-2009","category-tramwaj","tag-2009-12-13","tag-austria","tag-most","tag-ulf","tag-wieden","tag-wiener-linien"],"_links":{"self":[{"href":"https:\/\/wgphoto.pl\/t\/index.php?rest_route=\/wp\/v2\/posts\/588","targetHints":{"allow":["GET"]}}],"collection":[{"href":"https:\/\/wgphoto.pl\/t\/index.php?rest_route=\/wp\/v2\/posts"}],"about":[{"href":"https:\/\/wgphoto.pl\/t\/index.php?rest_route=\/wp\/v2\/types\/post"}],"author":[{"embeddable":true,"href":"https:\/\/wgphoto.pl\/t\/index.php?rest_route=\/wp\/v2\/users\/1"}],"replies":[{"embeddable":true,"href":"https:\/\/wgphoto.pl\/t\/index.php?rest_route=%2Fwp%2Fv2%2Fcomments&post=588"}],"version-history":[{"count":1,"href":"https:\/\/wgphoto.pl\/t\/index.php?rest_route=\/wp\/v2\/posts\/588\/revisions"}],"predecessor-version":[{"id":590,"href":"https:\/\/wgphoto.pl\/t\/index.php?rest_route=\/wp\/v2\/posts\/588\/revisions\/590"}],"wp:featuredmedia":[{"embeddable":true,"href":"https:\/\/wgphoto.pl\/t\/index.php?rest_route=\/wp\/v2\/media\/589"}],"wp:attachment":[{"href":"https:\/\/wgphoto.pl\/t\/index.php?rest_route=%2Fwp%2Fv2%2Fmedia&parent=588"}],"wp:term":[{"taxonomy":"category","embeddable":true,"href":"https:\/\/wgphoto.pl\/t\/index.php?rest_route=%2Fwp%2Fv2%2Fcategories&post=588"},{"taxonomy":"post_tag","embeddable":true,"href":"https:\/\/wgphoto.pl\/t\/index.php?rest_route=%2Fwp%2Fv2%2Ftags&post=588"}],"curies":[{"name":"wp","href":"https:\/\/api.w.org\/{rel}","templated":true}]}}