{"id":5893,"date":"2024-11-16T13:03:09","date_gmt":"2024-11-16T12:03:09","guid":{"rendered":"https:\/\/wgphoto.pl\/t\/?p=5893"},"modified":"2024-11-16T13:03:09","modified_gmt":"2024-11-16T12:03:09","slug":"barwy-jesieni","status":"publish","type":"post","link":"https:\/\/wgphoto.pl\/t\/?p=5893","title":{"rendered":"Barwy jesieni"},"content":{"rendered":"\n<figure class=\"wp-block-image aligncenter size-full\"><img loading=\"lazy\" decoding=\"async\" width=\"1300\" height=\"861\" src=\"https:\/\/wgphoto.pl\/t\/wp-content\/uploads\/2024\/11\/IMGP6090.jpg\" alt=\"\" class=\"wp-image-5894\" srcset=\"https:\/\/wgphoto.pl\/t\/wp-content\/uploads\/2024\/11\/IMGP6090.jpg 1300w, https:\/\/wgphoto.pl\/t\/wp-content\/uploads\/2024\/11\/IMGP6090-300x199.jpg 300w, https:\/\/wgphoto.pl\/t\/wp-content\/uploads\/2024\/11\/IMGP6090-768x509.jpg 768w\" sizes=\"auto, (max-width: 1300px) 100vw, 1300px\" \/><\/figure>\n\n\n\n<div class=\"wp-block-group has-global-padding is-layout-constrained wp-block-group-is-layout-constrained\">\n<p>Klu\u017c-Napoka, Splaiul Independen\u021bei. Wagon KT4D #12 pochodzi z Berlina Wschodniego i po Klu\u017cu je\u017adzi od 1998 roku. Od tej pory na pewno by\u0142 malowany, ale schemat poprzedniego w\u0142a\u015bciciela \u0142adnie odtworzono. 19.10.2019<\/p>\n<\/div>\n","protected":false},"excerpt":{"rendered":"<p>Klu\u017c-Napoka, Splaiul Independen\u021bei. Wagon KT4D #12 pochodzi z Berlina Wschodniego i po Klu\u017cu je\u017adzi od 1998 roku. Od tej pory na pewno by\u0142 malowany, ale schemat poprzedniego w\u0142a\u015bciciela \u0142adnie odtworzono. 19.10.2019<\/p>\n","protected":false},"author":1,"featured_media":5894,"comment_status":"open","ping_status":"","sticky":false,"template":"","format":"standard","meta":{"footnotes":""},"categories":[136,3],"tags":[960,1500,126,574,33,575],"class_list":["post-5893","post","type-post","status-publish","format-standard","has-post-thumbnail","hentry","category-rok-2019","category-tramwaj","tag-2019-10-19","tag-cluj-napoca","tag-jesien","tag-rumunia","tag-tatra-kt4","tag-wakacje-2019"],"_links":{"self":[{"href":"https:\/\/wgphoto.pl\/t\/index.php?rest_route=\/wp\/v2\/posts\/5893","targetHints":{"allow":["GET"]}}],"collection":[{"href":"https:\/\/wgphoto.pl\/t\/index.php?rest_route=\/wp\/v2\/posts"}],"about":[{"href":"https:\/\/wgphoto.pl\/t\/index.php?rest_route=\/wp\/v2\/types\/post"}],"author":[{"embeddable":true,"href":"https:\/\/wgphoto.pl\/t\/index.php?rest_route=\/wp\/v2\/users\/1"}],"replies":[{"embeddable":true,"href":"https:\/\/wgphoto.pl\/t\/index.php?rest_route=%2Fwp%2Fv2%2Fcomments&post=5893"}],"version-history":[{"count":1,"href":"https:\/\/wgphoto.pl\/t\/index.php?rest_route=\/wp\/v2\/posts\/5893\/revisions"}],"predecessor-version":[{"id":5895,"href":"https:\/\/wgphoto.pl\/t\/index.php?rest_route=\/wp\/v2\/posts\/5893\/revisions\/5895"}],"wp:featuredmedia":[{"embeddable":true,"href":"https:\/\/wgphoto.pl\/t\/index.php?rest_route=\/wp\/v2\/media\/5894"}],"wp:attachment":[{"href":"https:\/\/wgphoto.pl\/t\/index.php?rest_route=%2Fwp%2Fv2%2Fmedia&parent=5893"}],"wp:term":[{"taxonomy":"category","embeddable":true,"href":"https:\/\/wgphoto.pl\/t\/index.php?rest_route=%2Fwp%2Fv2%2Fcategories&post=5893"},{"taxonomy":"post_tag","embeddable":true,"href":"https:\/\/wgphoto.pl\/t\/index.php?rest_route=%2Fwp%2Fv2%2Ftags&post=5893"}],"curies":[{"name":"wp","href":"https:\/\/api.w.org\/{rel}","templated":true}]}}