{"id":5896,"date":"2024-11-16T13:04:05","date_gmt":"2024-11-16T12:04:05","guid":{"rendered":"https:\/\/wgphoto.pl\/t\/?p=5896"},"modified":"2024-11-16T13:04:05","modified_gmt":"2024-11-16T12:04:05","slug":"szklarska-plonie","status":"publish","type":"post","link":"https:\/\/wgphoto.pl\/t\/?p=5896","title":{"rendered":"Szklarska p\u0142onie"},"content":{"rendered":"\n<figure class=\"wp-block-image aligncenter size-full\"><img loading=\"lazy\" decoding=\"async\" width=\"1300\" height=\"861\" src=\"https:\/\/wgphoto.pl\/t\/wp-content\/uploads\/2024\/11\/IMGP1140.jpg\" alt=\"\" class=\"wp-image-5897\" srcset=\"https:\/\/wgphoto.pl\/t\/wp-content\/uploads\/2024\/11\/IMGP1140.jpg 1300w, https:\/\/wgphoto.pl\/t\/wp-content\/uploads\/2024\/11\/IMGP1140-300x199.jpg 300w, https:\/\/wgphoto.pl\/t\/wp-content\/uploads\/2024\/11\/IMGP1140-768x509.jpg 768w\" sizes=\"auto, (max-width: 1300px) 100vw, 1300px\" \/><\/figure>\n\n\n\n<div class=\"wp-block-group has-global-padding is-layout-constrained wp-block-group-is-layout-constrained\">\n<p>45WE-024 jedzie jako poci\u0105g osobowy 69271 &#8222;Szklarka&#8221; z Wroc\u0142awia G\u0142\u00f3wnego do Szklarskiej Por\u0119by G\u00f3rnej i za kilka minut zatrzyma si\u0119 w Szklarskiej Por\u0119bie \u015aredniej. 25.10.2020<\/p>\n<\/div>\n","protected":false},"excerpt":{"rendered":"<p>45WE-024 jedzie jako poci\u0105g osobowy 69271 &#8222;Szklarka&#8221; z Wroc\u0142awia G\u0142\u00f3wnego do Szklarskiej Por\u0119by G\u00f3rnej i za kilka minut zatrzyma si\u0119 w Szklarskiej Por\u0119bie \u015aredniej. 25.10.2020<\/p>\n","protected":false},"author":1,"featured_media":5897,"comment_status":"open","ping_status":"","sticky":false,"template":"","format":"standard","meta":{"footnotes":""},"categories":[2,676],"tags":[2244,499,114,126,402,1606,173,404,2242,2243,200],"class_list":["post-5896","post","type-post","status-publish","format-standard","has-post-thumbnail","hentry","category-kolej","category-rok-2020","tag-2020-10-25","tag-45we","tag-gory","tag-jesien","tag-kd","tag-koleje-dolnoslaskie","tag-koncowki","tag-newag-impuls","tag-szklarska-poreba-dolna","tag-szklarska-poreba-srednia","tag-tab-pl240"],"_links":{"self":[{"href":"https:\/\/wgphoto.pl\/t\/index.php?rest_route=\/wp\/v2\/posts\/5896","targetHints":{"allow":["GET"]}}],"collection":[{"href":"https:\/\/wgphoto.pl\/t\/index.php?rest_route=\/wp\/v2\/posts"}],"about":[{"href":"https:\/\/wgphoto.pl\/t\/index.php?rest_route=\/wp\/v2\/types\/post"}],"author":[{"embeddable":true,"href":"https:\/\/wgphoto.pl\/t\/index.php?rest_route=\/wp\/v2\/users\/1"}],"replies":[{"embeddable":true,"href":"https:\/\/wgphoto.pl\/t\/index.php?rest_route=%2Fwp%2Fv2%2Fcomments&post=5896"}],"version-history":[{"count":1,"href":"https:\/\/wgphoto.pl\/t\/index.php?rest_route=\/wp\/v2\/posts\/5896\/revisions"}],"predecessor-version":[{"id":5898,"href":"https:\/\/wgphoto.pl\/t\/index.php?rest_route=\/wp\/v2\/posts\/5896\/revisions\/5898"}],"wp:featuredmedia":[{"embeddable":true,"href":"https:\/\/wgphoto.pl\/t\/index.php?rest_route=\/wp\/v2\/media\/5897"}],"wp:attachment":[{"href":"https:\/\/wgphoto.pl\/t\/index.php?rest_route=%2Fwp%2Fv2%2Fmedia&parent=5896"}],"wp:term":[{"taxonomy":"category","embeddable":true,"href":"https:\/\/wgphoto.pl\/t\/index.php?rest_route=%2Fwp%2Fv2%2Fcategories&post=5896"},{"taxonomy":"post_tag","embeddable":true,"href":"https:\/\/wgphoto.pl\/t\/index.php?rest_route=%2Fwp%2Fv2%2Ftags&post=5896"}],"curies":[{"name":"wp","href":"https:\/\/api.w.org\/{rel}","templated":true}]}}