{"id":5902,"date":"2024-11-16T13:06:36","date_gmt":"2024-11-16T12:06:36","guid":{"rendered":"https:\/\/wgphoto.pl\/t\/?p=5902"},"modified":"2025-06-13T18:58:04","modified_gmt":"2025-06-13T16:58:04","slug":"wysiadka","status":"publish","type":"post","link":"https:\/\/wgphoto.pl\/t\/?p=5902","title":{"rendered":"Wysiadka"},"content":{"rendered":"\n<figure class=\"wp-block-image aligncenter size-full\"><img loading=\"lazy\" decoding=\"async\" width=\"1300\" height=\"861\" src=\"https:\/\/wgphoto.pl\/t\/wp-content\/uploads\/2024\/11\/IMGP5526.jpg\" alt=\"\" class=\"wp-image-5903\" srcset=\"https:\/\/wgphoto.pl\/t\/wp-content\/uploads\/2024\/11\/IMGP5526.jpg 1300w, https:\/\/wgphoto.pl\/t\/wp-content\/uploads\/2024\/11\/IMGP5526-300x199.jpg 300w, https:\/\/wgphoto.pl\/t\/wp-content\/uploads\/2024\/11\/IMGP5526-768x509.jpg 768w\" sizes=\"auto, (max-width: 1300px) 100vw, 1300px\" \/><\/figure>\n\n\n\n<div class=\"wp-block-group has-global-padding is-layout-constrained wp-block-group-is-layout-constrained\">\n<p>Poci\u0105g linii M1 zatrzyma\u0142 si\u0119 na stacji Titan w Bukareszcie. Foto na TWB si\u0119 nie nada, bo jest krzywe, ale podoba mi si\u0119 bardzo t\u0142um ludzi, a w szczeg\u00f3lno\u015bci ten sprinter wysuwaj\u0105cy si\u0119 na prowadzenie. 16.10.2019<\/p>\n<\/div>\n","protected":false},"excerpt":{"rendered":"<p>Poci\u0105g linii M1 zatrzyma\u0142 si\u0119 na stacji Titan w Bukareszcie. Foto na TWB si\u0119 nie nada, bo jest krzywe, ale podoba mi si\u0119 bardzo t\u0142um ludzi, a w szczeg\u00f3lno\u015bci ten sprinter wysuwaj\u0105cy si\u0119 na prowadzenie. 16.10.2019<\/p>\n","protected":false},"author":1,"featured_media":5903,"comment_status":"open","ping_status":"","sticky":false,"template":"","format":"standard","meta":{"footnotes":""},"categories":[4,136],"tags":[1556,965,494,173,151,4025,574,15,575],"class_list":["post-5902","post","type-post","status-publish","format-standard","has-post-thumbnail","hentry","category-metro","category-rok-2019","tag-2019-10-16","tag-bukareszt","tag-flaga","tag-koncowki","tag-ludzie","tag-metro-bukareszt","tag-rumunia","tag-tunel","tag-wakacje-2019"],"_links":{"self":[{"href":"https:\/\/wgphoto.pl\/t\/index.php?rest_route=\/wp\/v2\/posts\/5902","targetHints":{"allow":["GET"]}}],"collection":[{"href":"https:\/\/wgphoto.pl\/t\/index.php?rest_route=\/wp\/v2\/posts"}],"about":[{"href":"https:\/\/wgphoto.pl\/t\/index.php?rest_route=\/wp\/v2\/types\/post"}],"author":[{"embeddable":true,"href":"https:\/\/wgphoto.pl\/t\/index.php?rest_route=\/wp\/v2\/users\/1"}],"replies":[{"embeddable":true,"href":"https:\/\/wgphoto.pl\/t\/index.php?rest_route=%2Fwp%2Fv2%2Fcomments&post=5902"}],"version-history":[{"count":1,"href":"https:\/\/wgphoto.pl\/t\/index.php?rest_route=\/wp\/v2\/posts\/5902\/revisions"}],"predecessor-version":[{"id":5904,"href":"https:\/\/wgphoto.pl\/t\/index.php?rest_route=\/wp\/v2\/posts\/5902\/revisions\/5904"}],"wp:featuredmedia":[{"embeddable":true,"href":"https:\/\/wgphoto.pl\/t\/index.php?rest_route=\/wp\/v2\/media\/5903"}],"wp:attachment":[{"href":"https:\/\/wgphoto.pl\/t\/index.php?rest_route=%2Fwp%2Fv2%2Fmedia&parent=5902"}],"wp:term":[{"taxonomy":"category","embeddable":true,"href":"https:\/\/wgphoto.pl\/t\/index.php?rest_route=%2Fwp%2Fv2%2Fcategories&post=5902"},{"taxonomy":"post_tag","embeddable":true,"href":"https:\/\/wgphoto.pl\/t\/index.php?rest_route=%2Fwp%2Fv2%2Ftags&post=5902"}],"curies":[{"name":"wp","href":"https:\/\/api.w.org\/{rel}","templated":true}]}}