{"id":591,"date":"2024-09-29T22:03:30","date_gmt":"2024-09-29T20:03:30","guid":{"rendered":"https:\/\/wgphoto.pl\/t\/?p=591"},"modified":"2024-09-29T22:03:30","modified_gmt":"2024-09-29T20:03:30","slug":"petla-pod-platanami","status":"publish","type":"post","link":"https:\/\/wgphoto.pl\/t\/?p=591","title":{"rendered":"P\u0119tla pod platanami"},"content":{"rendered":"\n<figure class=\"wp-block-image aligncenter size-full\"><img loading=\"lazy\" decoding=\"async\" width=\"1200\" height=\"795\" src=\"https:\/\/wgphoto.pl\/t\/wp-content\/uploads\/IMGP1872.jpg\" alt=\"\" class=\"wp-image-592\" srcset=\"https:\/\/wgphoto.pl\/t\/wp-content\/uploads\/IMGP1872.jpg 1200w, https:\/\/wgphoto.pl\/t\/wp-content\/uploads\/IMGP1872-300x199.jpg 300w, https:\/\/wgphoto.pl\/t\/wp-content\/uploads\/IMGP1872-768x509.jpg 768w\" sizes=\"auto, (max-width: 1200px) 100vw, 1200px\" \/><\/figure>\n\n\n\n<div class=\"wp-block-group has-global-padding is-layout-constrained wp-block-group-is-layout-constrained\">\n<p>Graz, Ruckerlbergg\u00fcrtel. Na ulicy o sk\u0105pym o\u015bwietleniu i wielkomiejskim &#8211; za spraw\u0105 platan\u00f3w &#8211; wygl\u0105dzie zorganizowano przystanek <em>Krenngasse<\/em>, ko\u0144cowy dla linii 3. Nikomu nie przeszkadza, \u017ce tramwaj tak sobie stoi na \u015brodku jezdni, poniewa\u017c mog\u0105 tutaj wje\u017cd\u017ca\u0107 poza tramwajami jeszcze tylko autobusy. 27.12.2013<\/p>\n<\/div>\n","protected":false},"excerpt":{"rendered":"<p>Graz, Ruckerlbergg\u00fcrtel. Na ulicy o sk\u0105pym o\u015bwietleniu i wielkomiejskim &#8211; za spraw\u0105 platan\u00f3w &#8211; wygl\u0105dzie zorganizowano przystanek Krenngasse, ko\u0144cowy dla linii 3. Nikomu nie przeszkadza, \u017ce tramwaj tak sobie stoi na \u015brodku jezdni, poniewa\u017c mog\u0105 tutaj wje\u017cd\u017ca\u0107 poza tramwajami jeszcze tylko autobusy. 27.12.2013<\/p>\n","protected":false},"author":1,"featured_media":592,"comment_status":"open","ping_status":"","sticky":false,"template":"","format":"standard","meta":{"footnotes":""},"categories":[55,3],"tags":[275,9,273,238,274,154],"class_list":["post-591","post","type-post","status-publish","format-standard","has-post-thumbnail","hentry","category-rok-2013","category-tramwaj","tag-2013-12-27","tag-austria","tag-graz","tag-gt8","tag-holding-graz-linien","tag-noc"],"_links":{"self":[{"href":"https:\/\/wgphoto.pl\/t\/index.php?rest_route=\/wp\/v2\/posts\/591","targetHints":{"allow":["GET"]}}],"collection":[{"href":"https:\/\/wgphoto.pl\/t\/index.php?rest_route=\/wp\/v2\/posts"}],"about":[{"href":"https:\/\/wgphoto.pl\/t\/index.php?rest_route=\/wp\/v2\/types\/post"}],"author":[{"embeddable":true,"href":"https:\/\/wgphoto.pl\/t\/index.php?rest_route=\/wp\/v2\/users\/1"}],"replies":[{"embeddable":true,"href":"https:\/\/wgphoto.pl\/t\/index.php?rest_route=%2Fwp%2Fv2%2Fcomments&post=591"}],"version-history":[{"count":1,"href":"https:\/\/wgphoto.pl\/t\/index.php?rest_route=\/wp\/v2\/posts\/591\/revisions"}],"predecessor-version":[{"id":593,"href":"https:\/\/wgphoto.pl\/t\/index.php?rest_route=\/wp\/v2\/posts\/591\/revisions\/593"}],"wp:featuredmedia":[{"embeddable":true,"href":"https:\/\/wgphoto.pl\/t\/index.php?rest_route=\/wp\/v2\/media\/592"}],"wp:attachment":[{"href":"https:\/\/wgphoto.pl\/t\/index.php?rest_route=%2Fwp%2Fv2%2Fmedia&parent=591"}],"wp:term":[{"taxonomy":"category","embeddable":true,"href":"https:\/\/wgphoto.pl\/t\/index.php?rest_route=%2Fwp%2Fv2%2Fcategories&post=591"},{"taxonomy":"post_tag","embeddable":true,"href":"https:\/\/wgphoto.pl\/t\/index.php?rest_route=%2Fwp%2Fv2%2Ftags&post=591"}],"curies":[{"name":"wp","href":"https:\/\/api.w.org\/{rel}","templated":true}]}}