{"id":5911,"date":"2024-11-16T13:09:35","date_gmt":"2024-11-16T12:09:35","guid":{"rendered":"https:\/\/wgphoto.pl\/t\/?p=5911"},"modified":"2024-11-16T13:09:35","modified_gmt":"2024-11-16T12:09:35","slug":"102na-2023","status":"publish","type":"post","link":"https:\/\/wgphoto.pl\/t\/?p=5911","title":{"rendered":"102Na 2023"},"content":{"rendered":"\n<figure class=\"wp-block-image aligncenter size-full\"><img loading=\"lazy\" decoding=\"async\" width=\"1300\" height=\"867\" src=\"https:\/\/wgphoto.pl\/t\/wp-content\/uploads\/2024\/11\/2002y-29.jpg\" alt=\"\" class=\"wp-image-5912\" srcset=\"https:\/\/wgphoto.pl\/t\/wp-content\/uploads\/2024\/11\/2002y-29.jpg 1300w, https:\/\/wgphoto.pl\/t\/wp-content\/uploads\/2024\/11\/2002y-29-300x200.jpg 300w, https:\/\/wgphoto.pl\/t\/wp-content\/uploads\/2024\/11\/2002y-29-768x512.jpg 768w\" sizes=\"auto, (max-width: 1300px) 100vw, 1300px\" \/><\/figure>\n\n\n\n<div class=\"wp-block-group has-global-padding is-layout-constrained wp-block-group-is-layout-constrained\">\n<p>Wroc\u0142aw, ul. Grabiszy\u0144ska. Stodw\u00f3jka min\u0119\u0142a wiadukt kolejowy w obr\u0119bie Podg Grabiszyn i obs\u0142uguj\u0105c lini\u0119 specjaln\u0105, zapewne E1, p\u0119dzi na Opor\u00f3w. 01.11.2002<\/p>\n<\/div>\n","protected":false},"excerpt":{"rendered":"<p>Wroc\u0142aw, ul. Grabiszy\u0144ska. Stodw\u00f3jka min\u0119\u0142a wiadukt kolejowy w obr\u0119bie Podg Grabiszyn i obs\u0142uguj\u0105c lini\u0119 specjaln\u0105, zapewne E1, p\u0119dzi na Opor\u00f3w. 01.11.2002<\/p>\n","protected":false},"author":1,"featured_media":5912,"comment_status":"open","ping_status":"","sticky":false,"template":"","format":"standard","meta":{"footnotes":""},"categories":[62,577,3],"tags":[1567,309,42,27,41,127],"class_list":["post-5911","post","type-post","status-publish","format-standard","has-post-thumbnail","hentry","category-analog","category-rok-2002","category-tramwaj","tag-2002-11-01","tag-konstal-102na","tag-mpk-wroclaw","tag-polska","tag-wroclaw","tag-wroclawskie-e"],"_links":{"self":[{"href":"https:\/\/wgphoto.pl\/t\/index.php?rest_route=\/wp\/v2\/posts\/5911","targetHints":{"allow":["GET"]}}],"collection":[{"href":"https:\/\/wgphoto.pl\/t\/index.php?rest_route=\/wp\/v2\/posts"}],"about":[{"href":"https:\/\/wgphoto.pl\/t\/index.php?rest_route=\/wp\/v2\/types\/post"}],"author":[{"embeddable":true,"href":"https:\/\/wgphoto.pl\/t\/index.php?rest_route=\/wp\/v2\/users\/1"}],"replies":[{"embeddable":true,"href":"https:\/\/wgphoto.pl\/t\/index.php?rest_route=%2Fwp%2Fv2%2Fcomments&post=5911"}],"version-history":[{"count":1,"href":"https:\/\/wgphoto.pl\/t\/index.php?rest_route=\/wp\/v2\/posts\/5911\/revisions"}],"predecessor-version":[{"id":5913,"href":"https:\/\/wgphoto.pl\/t\/index.php?rest_route=\/wp\/v2\/posts\/5911\/revisions\/5913"}],"wp:featuredmedia":[{"embeddable":true,"href":"https:\/\/wgphoto.pl\/t\/index.php?rest_route=\/wp\/v2\/media\/5912"}],"wp:attachment":[{"href":"https:\/\/wgphoto.pl\/t\/index.php?rest_route=%2Fwp%2Fv2%2Fmedia&parent=5911"}],"wp:term":[{"taxonomy":"category","embeddable":true,"href":"https:\/\/wgphoto.pl\/t\/index.php?rest_route=%2Fwp%2Fv2%2Fcategories&post=5911"},{"taxonomy":"post_tag","embeddable":true,"href":"https:\/\/wgphoto.pl\/t\/index.php?rest_route=%2Fwp%2Fv2%2Ftags&post=5911"}],"curies":[{"name":"wp","href":"https:\/\/api.w.org\/{rel}","templated":true}]}}