{"id":5914,"date":"2024-11-16T13:10:27","date_gmt":"2024-11-16T12:10:27","guid":{"rendered":"https:\/\/wgphoto.pl\/t\/?p=5914"},"modified":"2024-11-16T13:10:27","modified_gmt":"2024-11-16T12:10:27","slug":"chodzenie-po-torach-zabronione","status":"publish","type":"post","link":"https:\/\/wgphoto.pl\/t\/?p=5914","title":{"rendered":"Chodzenie po torach zabronione"},"content":{"rendered":"\n<figure class=\"wp-block-image aligncenter size-full\"><img loading=\"lazy\" decoding=\"async\" width=\"1300\" height=\"867\" src=\"https:\/\/wgphoto.pl\/t\/wp-content\/uploads\/2024\/11\/0411-05.jpg\" alt=\"\" class=\"wp-image-5915\" srcset=\"https:\/\/wgphoto.pl\/t\/wp-content\/uploads\/2024\/11\/0411-05.jpg 1300w, https:\/\/wgphoto.pl\/t\/wp-content\/uploads\/2024\/11\/0411-05-300x200.jpg 300w, https:\/\/wgphoto.pl\/t\/wp-content\/uploads\/2024\/11\/0411-05-768x512.jpg 768w\" sizes=\"auto, (max-width: 1300px) 100vw, 1300px\" \/><\/figure>\n\n\n\n<div class=\"wp-block-group has-global-padding is-layout-constrained wp-block-group-is-layout-constrained\">\n<p>SP42-082 z poci\u0105giem osobowym 21026 relacji Skar\u017cysko-Kamienna &#8211; Tomasz\u00f3w Mazowiecki zatrzymuje si\u0119 w St\u0105porkowie. 11.07.2004<\/p>\n<\/div>\n","protected":false},"excerpt":{"rendered":"<p>SP42-082 z poci\u0105giem osobowym 21026 relacji Skar\u017cysko-Kamienna &#8211; Tomasz\u00f3w Mazowiecki zatrzymuje si\u0119 w St\u0105porkowie. 11.07.2004<\/p>\n","protected":false},"author":1,"featured_media":5915,"comment_status":"open","ping_status":"","sticky":false,"template":"","format":"standard","meta":{"footnotes":""},"categories":[62,2,61],"tags":[2247,151,63,27,316,2246,53,2248],"class_list":["post-5914","post","type-post","status-publish","format-standard","has-post-thumbnail","hentry","category-analog","category-kolej","category-rok-2004","tag-2004-07-11","tag-ludzie","tag-pkp","tag-polska","tag-sp42","tag-staporkow","tag-sygnalizacja-ksztaltowa","tag-tab-pl114"],"_links":{"self":[{"href":"https:\/\/wgphoto.pl\/t\/index.php?rest_route=\/wp\/v2\/posts\/5914","targetHints":{"allow":["GET"]}}],"collection":[{"href":"https:\/\/wgphoto.pl\/t\/index.php?rest_route=\/wp\/v2\/posts"}],"about":[{"href":"https:\/\/wgphoto.pl\/t\/index.php?rest_route=\/wp\/v2\/types\/post"}],"author":[{"embeddable":true,"href":"https:\/\/wgphoto.pl\/t\/index.php?rest_route=\/wp\/v2\/users\/1"}],"replies":[{"embeddable":true,"href":"https:\/\/wgphoto.pl\/t\/index.php?rest_route=%2Fwp%2Fv2%2Fcomments&post=5914"}],"version-history":[{"count":1,"href":"https:\/\/wgphoto.pl\/t\/index.php?rest_route=\/wp\/v2\/posts\/5914\/revisions"}],"predecessor-version":[{"id":5916,"href":"https:\/\/wgphoto.pl\/t\/index.php?rest_route=\/wp\/v2\/posts\/5914\/revisions\/5916"}],"wp:featuredmedia":[{"embeddable":true,"href":"https:\/\/wgphoto.pl\/t\/index.php?rest_route=\/wp\/v2\/media\/5915"}],"wp:attachment":[{"href":"https:\/\/wgphoto.pl\/t\/index.php?rest_route=%2Fwp%2Fv2%2Fmedia&parent=5914"}],"wp:term":[{"taxonomy":"category","embeddable":true,"href":"https:\/\/wgphoto.pl\/t\/index.php?rest_route=%2Fwp%2Fv2%2Fcategories&post=5914"},{"taxonomy":"post_tag","embeddable":true,"href":"https:\/\/wgphoto.pl\/t\/index.php?rest_route=%2Fwp%2Fv2%2Ftags&post=5914"}],"curies":[{"name":"wp","href":"https:\/\/api.w.org\/{rel}","templated":true}]}}