{"id":5923,"date":"2024-11-16T13:13:25","date_gmt":"2024-11-16T12:13:25","guid":{"rendered":"https:\/\/wgphoto.pl\/t\/?p=5923"},"modified":"2024-11-16T13:13:25","modified_gmt":"2024-11-16T12:13:25","slug":"pelne-rece-roboty","status":"publish","type":"post","link":"https:\/\/wgphoto.pl\/t\/?p=5923","title":{"rendered":"Pe\u0142ne r\u0119ce roboty"},"content":{"rendered":"\n<figure class=\"wp-block-image aligncenter size-full\"><img loading=\"lazy\" decoding=\"async\" width=\"1300\" height=\"867\" src=\"https:\/\/wgphoto.pl\/t\/wp-content\/uploads\/2024\/11\/0531-28.jpg\" alt=\"\" class=\"wp-image-5924\" srcset=\"https:\/\/wgphoto.pl\/t\/wp-content\/uploads\/2024\/11\/0531-28.jpg 1300w, https:\/\/wgphoto.pl\/t\/wp-content\/uploads\/2024\/11\/0531-28-300x200.jpg 300w, https:\/\/wgphoto.pl\/t\/wp-content\/uploads\/2024\/11\/0531-28-768x512.jpg 768w\" sizes=\"auto, (max-width: 1300px) 100vw, 1300px\" \/><\/figure>\n\n\n\n<div class=\"wp-block-group has-global-padding is-layout-constrained wp-block-group-is-layout-constrained\">\n<p>Wroc\u0142aw, p\u0119tla Opor\u00f3w i sk\u0142ady 105Na 2560+2559 i 2222+2223. Na p\u0119tlach b\u0119d\u0105cych zapleczem cmentarzy Nadz\u00f3r Ruchu ma pe\u0142ne r\u0119ce roboty przy odpowiednim ustawianiu tramwaj\u00f3w tak, aby ka\u017cdy odjecha\u0142 na czas. 01.11.2005<\/p>\n<\/div>\n","protected":false},"excerpt":{"rendered":"<p>Wroc\u0142aw, p\u0119tla Opor\u00f3w i sk\u0142ady 105Na 2560+2559 i 2222+2223. Na p\u0119tlach b\u0119d\u0105cych zapleczem cmentarzy Nadz\u00f3r Ruchu ma pe\u0142ne r\u0119ce roboty przy odpowiednim ustawianiu tramwaj\u00f3w tak, aby ka\u017cdy odjecha\u0142 na czas. 01.11.2005<\/p>\n","protected":false},"author":1,"featured_media":5924,"comment_status":"open","ping_status":"","sticky":false,"template":"","format":"standard","meta":{"footnotes":""},"categories":[62,311,3],"tags":[155,2249,151,42,1280,27,41,127],"class_list":["post-5923","post","type-post","status-publish","format-standard","has-post-thumbnail","hentry","category-analog","category-rok-2005","category-tramwaj","tag-105na","tag-2005-11-01","tag-ludzie","tag-mpk-wroclaw","tag-oporow","tag-polska","tag-wroclaw","tag-wroclawskie-e"],"_links":{"self":[{"href":"https:\/\/wgphoto.pl\/t\/index.php?rest_route=\/wp\/v2\/posts\/5923","targetHints":{"allow":["GET"]}}],"collection":[{"href":"https:\/\/wgphoto.pl\/t\/index.php?rest_route=\/wp\/v2\/posts"}],"about":[{"href":"https:\/\/wgphoto.pl\/t\/index.php?rest_route=\/wp\/v2\/types\/post"}],"author":[{"embeddable":true,"href":"https:\/\/wgphoto.pl\/t\/index.php?rest_route=\/wp\/v2\/users\/1"}],"replies":[{"embeddable":true,"href":"https:\/\/wgphoto.pl\/t\/index.php?rest_route=%2Fwp%2Fv2%2Fcomments&post=5923"}],"version-history":[{"count":1,"href":"https:\/\/wgphoto.pl\/t\/index.php?rest_route=\/wp\/v2\/posts\/5923\/revisions"}],"predecessor-version":[{"id":5925,"href":"https:\/\/wgphoto.pl\/t\/index.php?rest_route=\/wp\/v2\/posts\/5923\/revisions\/5925"}],"wp:featuredmedia":[{"embeddable":true,"href":"https:\/\/wgphoto.pl\/t\/index.php?rest_route=\/wp\/v2\/media\/5924"}],"wp:attachment":[{"href":"https:\/\/wgphoto.pl\/t\/index.php?rest_route=%2Fwp%2Fv2%2Fmedia&parent=5923"}],"wp:term":[{"taxonomy":"category","embeddable":true,"href":"https:\/\/wgphoto.pl\/t\/index.php?rest_route=%2Fwp%2Fv2%2Fcategories&post=5923"},{"taxonomy":"post_tag","embeddable":true,"href":"https:\/\/wgphoto.pl\/t\/index.php?rest_route=%2Fwp%2Fv2%2Ftags&post=5923"}],"curies":[{"name":"wp","href":"https:\/\/api.w.org\/{rel}","templated":true}]}}