{"id":5933,"date":"2024-11-16T13:17:45","date_gmt":"2024-11-16T12:17:45","guid":{"rendered":"https:\/\/wgphoto.pl\/t\/?p=5933"},"modified":"2024-11-16T13:17:45","modified_gmt":"2024-11-16T12:17:45","slug":"sto-lat","status":"publish","type":"post","link":"https:\/\/wgphoto.pl\/t\/?p=5933","title":{"rendered":"Sto lat!"},"content":{"rendered":"\n<figure class=\"wp-block-image aligncenter size-full\"><img loading=\"lazy\" decoding=\"async\" width=\"750\" height=\"1000\" src=\"https:\/\/wgphoto.pl\/t\/wp-content\/uploads\/2024\/11\/DSCF7943.jpg\" alt=\"\" class=\"wp-image-5934\" srcset=\"https:\/\/wgphoto.pl\/t\/wp-content\/uploads\/2024\/11\/DSCF7943.jpg 750w, https:\/\/wgphoto.pl\/t\/wp-content\/uploads\/2024\/11\/DSCF7943-225x300.jpg 225w\" sizes=\"auto, (max-width: 750px) 100vw, 750px\" \/><\/figure>\n\n\n\n<div class=\"wp-block-group has-global-padding is-layout-constrained wp-block-group-is-layout-constrained\">\n<p>Praga, ul. Letensk\u00e1. Mijanka klasycznych <em>Tatr<\/em> z rozruchem oporowym i tablicami (bez wy\u015bwietlaczy). Dzi\u015b wagony rodziny T3 obchodz\u0105 w Pradze swoje 60-lecie (a konkretnej obchodzi\u0142y, gdy wrzuca\u0142em to foto w 2020(?) roku) i wcale na emerytur\u0119 si\u0119 nie wybieraj\u0105. 11.11.2008<\/p>\n<\/div>\n","protected":false},"excerpt":{"rendered":"<p>Praga, ul. Letensk\u00e1. Mijanka klasycznych Tatr z rozruchem oporowym i tablicami (bez wy\u015bwietlaczy). Dzi\u015b wagony rodziny T3 obchodz\u0105 w Pradze swoje 60-lecie (a konkretnej obchodzi\u0142y, gdy wrzuca\u0142em to foto w 2020(?) roku) i wcale na emerytur\u0119 si\u0119 nie wybieraj\u0105. 11.11.2008<\/p>\n","protected":false},"author":1,"featured_media":5934,"comment_status":"open","ping_status":"","sticky":false,"template":"","format":"standard","meta":{"footnotes":""},"categories":[128,120,3],"tags":[2057,49,1049,389,52,1011],"class_list":["post-5933","post","type-post","status-publish","format-standard","has-post-thumbnail","hentry","category-pionowe","category-rok-2008","category-tramwaj","tag-2008-11-11","tag-czechy","tag-dp-praha","tag-mijanka","tag-praga","tag-tatra-t3"],"_links":{"self":[{"href":"https:\/\/wgphoto.pl\/t\/index.php?rest_route=\/wp\/v2\/posts\/5933","targetHints":{"allow":["GET"]}}],"collection":[{"href":"https:\/\/wgphoto.pl\/t\/index.php?rest_route=\/wp\/v2\/posts"}],"about":[{"href":"https:\/\/wgphoto.pl\/t\/index.php?rest_route=\/wp\/v2\/types\/post"}],"author":[{"embeddable":true,"href":"https:\/\/wgphoto.pl\/t\/index.php?rest_route=\/wp\/v2\/users\/1"}],"replies":[{"embeddable":true,"href":"https:\/\/wgphoto.pl\/t\/index.php?rest_route=%2Fwp%2Fv2%2Fcomments&post=5933"}],"version-history":[{"count":1,"href":"https:\/\/wgphoto.pl\/t\/index.php?rest_route=\/wp\/v2\/posts\/5933\/revisions"}],"predecessor-version":[{"id":5935,"href":"https:\/\/wgphoto.pl\/t\/index.php?rest_route=\/wp\/v2\/posts\/5933\/revisions\/5935"}],"wp:featuredmedia":[{"embeddable":true,"href":"https:\/\/wgphoto.pl\/t\/index.php?rest_route=\/wp\/v2\/media\/5934"}],"wp:attachment":[{"href":"https:\/\/wgphoto.pl\/t\/index.php?rest_route=%2Fwp%2Fv2%2Fmedia&parent=5933"}],"wp:term":[{"taxonomy":"category","embeddable":true,"href":"https:\/\/wgphoto.pl\/t\/index.php?rest_route=%2Fwp%2Fv2%2Fcategories&post=5933"},{"taxonomy":"post_tag","embeddable":true,"href":"https:\/\/wgphoto.pl\/t\/index.php?rest_route=%2Fwp%2Fv2%2Ftags&post=5933"}],"curies":[{"name":"wp","href":"https:\/\/api.w.org\/{rel}","templated":true}]}}