{"id":5939,"date":"2024-11-16T13:19:40","date_gmt":"2024-11-16T12:19:40","guid":{"rendered":"https:\/\/wgphoto.pl\/t\/?p=5939"},"modified":"2024-11-16T13:19:40","modified_gmt":"2024-11-16T12:19:40","slug":"hokejowa-gorila","status":"publish","type":"post","link":"https:\/\/wgphoto.pl\/t\/?p=5939","title":{"rendered":"Hokejowa &#8222;Gorila&#8221;"},"content":{"rendered":"\n<figure class=\"wp-block-image aligncenter size-full\"><img loading=\"lazy\" decoding=\"async\" width=\"1300\" height=\"861\" src=\"https:\/\/wgphoto.pl\/t\/wp-content\/uploads\/2024\/11\/IMGP9386.jpg\" alt=\"\" class=\"wp-image-5940\" srcset=\"https:\/\/wgphoto.pl\/t\/wp-content\/uploads\/2024\/11\/IMGP9386.jpg 1300w, https:\/\/wgphoto.pl\/t\/wp-content\/uploads\/2024\/11\/IMGP9386-300x199.jpg 300w, https:\/\/wgphoto.pl\/t\/wp-content\/uploads\/2024\/11\/IMGP9386-768x509.jpg 768w\" sizes=\"auto, (max-width: 1300px) 100vw, 1300px\" \/><\/figure>\n\n\n\n<div class=\"wp-block-group has-global-padding is-layout-constrained wp-block-group-is-layout-constrained\">\n<p>Gorila 350.007-1 w okoliczno\u015bciowej okleinie z poci\u0105giem IC 523 relacji Bratislava hl.st. &#8211; Ko\u0161ice przeje\u017cd\u017ca pod Tatrami na odcinku \u0160trba &#8211; \u0160trba zast\u00e1vka. 12.08.2020<\/p>\n<\/div>\n","protected":false},"excerpt":{"rendered":"<p>Gorila 350.007-1 w okoliczno\u015bciowej okleinie z poci\u0105giem IC 523 relacji Bratislava hl.st. &#8211; Ko\u0161ice przeje\u017cd\u017ca pod Tatrami na odcinku \u0160trba &#8211; \u0160trba zast\u00e1vka. 12.08.2020<\/p>\n","protected":false},"author":1,"featured_media":5940,"comment_status":"open","ping_status":"","sticky":false,"template":"","format":"standard","meta":{"footnotes":""},"categories":[2,676],"tags":[1912,1705,114,113,678,675,670,673,469],"class_list":["post-5939","post","type-post","status-publish","format-standard","has-post-thumbnail","hentry","category-kolej","category-rok-2020","tag-2020-08-12","tag-1705","tag-gory","tag-landszaft","tag-slovensko-uhersko-2020","tag-slowacja","tag-strba","tag-strba-zastavka","tag-zssk"],"_links":{"self":[{"href":"https:\/\/wgphoto.pl\/t\/index.php?rest_route=\/wp\/v2\/posts\/5939","targetHints":{"allow":["GET"]}}],"collection":[{"href":"https:\/\/wgphoto.pl\/t\/index.php?rest_route=\/wp\/v2\/posts"}],"about":[{"href":"https:\/\/wgphoto.pl\/t\/index.php?rest_route=\/wp\/v2\/types\/post"}],"author":[{"embeddable":true,"href":"https:\/\/wgphoto.pl\/t\/index.php?rest_route=\/wp\/v2\/users\/1"}],"replies":[{"embeddable":true,"href":"https:\/\/wgphoto.pl\/t\/index.php?rest_route=%2Fwp%2Fv2%2Fcomments&post=5939"}],"version-history":[{"count":1,"href":"https:\/\/wgphoto.pl\/t\/index.php?rest_route=\/wp\/v2\/posts\/5939\/revisions"}],"predecessor-version":[{"id":5941,"href":"https:\/\/wgphoto.pl\/t\/index.php?rest_route=\/wp\/v2\/posts\/5939\/revisions\/5941"}],"wp:featuredmedia":[{"embeddable":true,"href":"https:\/\/wgphoto.pl\/t\/index.php?rest_route=\/wp\/v2\/media\/5940"}],"wp:attachment":[{"href":"https:\/\/wgphoto.pl\/t\/index.php?rest_route=%2Fwp%2Fv2%2Fmedia&parent=5939"}],"wp:term":[{"taxonomy":"category","embeddable":true,"href":"https:\/\/wgphoto.pl\/t\/index.php?rest_route=%2Fwp%2Fv2%2Fcategories&post=5939"},{"taxonomy":"post_tag","embeddable":true,"href":"https:\/\/wgphoto.pl\/t\/index.php?rest_route=%2Fwp%2Fv2%2Ftags&post=5939"}],"curies":[{"name":"wp","href":"https:\/\/api.w.org\/{rel}","templated":true}]}}