{"id":5945,"date":"2024-11-16T13:22:02","date_gmt":"2024-11-16T12:22:02","guid":{"rendered":"https:\/\/wgphoto.pl\/t\/?p=5945"},"modified":"2024-11-16T13:22:02","modified_gmt":"2024-11-16T12:22:02","slug":"rokytnice-nad-jizerou","status":"publish","type":"post","link":"https:\/\/wgphoto.pl\/t\/?p=5945","title":{"rendered":"Rokytnice nad Jizerou"},"content":{"rendered":"\n<figure class=\"wp-block-image aligncenter size-full\"><img loading=\"lazy\" decoding=\"async\" width=\"1300\" height=\"861\" src=\"https:\/\/wgphoto.pl\/t\/wp-content\/uploads\/2024\/11\/IMGP8705.jpg\" alt=\"\" class=\"wp-image-5946\" srcset=\"https:\/\/wgphoto.pl\/t\/wp-content\/uploads\/2024\/11\/IMGP8705.jpg 1300w, https:\/\/wgphoto.pl\/t\/wp-content\/uploads\/2024\/11\/IMGP8705-300x199.jpg 300w, https:\/\/wgphoto.pl\/t\/wp-content\/uploads\/2024\/11\/IMGP8705-768x509.jpg 768w\" sizes=\"auto, (max-width: 1300px) 100vw, 1300px\" \/><\/figure>\n\n\n\n<div class=\"wp-block-group has-global-padding is-layout-constrained wp-block-group-is-layout-constrained\">\n<p>Pojazd 810.545-4 sko\u0144czy\u0142 bieg jako poci\u0105g osobowy 15504 z Martinic v Krkono\u0161\u00edch, jeden z dw\u00f3ch, kt\u00f3re tu docieraj\u0105 w ci\u0105gu pe\u0142nego tygodnia. W obecnym rozk\u0142adzie jazdy poci\u0105g przyje\u017cd\u017ca w soboty, niedziele i \u015bwi\u0119ta o godz. 9:49 i wraca o 10:08. Pozosta\u0142e kursy ko\u0144cz\u0105 bieg 2 km wcze\u015bniej, w Jabloncu nad Jizerou. 11.07.2020<\/p>\n<\/div>\n","protected":false},"excerpt":{"rendered":"<p>Pojazd 810.545-4 sko\u0144czy\u0142 bieg jako poci\u0105g osobowy 15504 z Martinic v Krkono\u0161\u00edch, jeden z dw\u00f3ch, kt\u00f3re tu docieraj\u0105 w ci\u0105gu pe\u0142nego tygodnia. W obecnym rozk\u0142adzie jazdy poci\u0105g przyje\u017cd\u017ca w soboty, niedziele i \u015bwi\u0119ta o godz. 9:49 i wraca o 10:08. Pozosta\u0142e kursy ko\u0144cz\u0105 bieg 2 km wcze\u015bniej, w Jabloncu nad Jizerou. 11.07.2020<\/p>\n","protected":false},"author":1,"featured_media":5946,"comment_status":"open","ping_status":"","sticky":false,"template":"","format":"standard","meta":{"footnotes":""},"categories":[2,676],"tags":[1879,92,50,49,94,2252,1520],"class_list":["post-5945","post","type-post","status-publish","format-standard","has-post-thumbnail","hentry","category-kolej","category-rok-2020","tag-2020-07-11","tag-92","tag-cd","tag-czechy","tag-na-kolejowym-koncu-swiata","tag-rokytnice-nad-jizerou","tag-tab-cz042"],"_links":{"self":[{"href":"https:\/\/wgphoto.pl\/t\/index.php?rest_route=\/wp\/v2\/posts\/5945","targetHints":{"allow":["GET"]}}],"collection":[{"href":"https:\/\/wgphoto.pl\/t\/index.php?rest_route=\/wp\/v2\/posts"}],"about":[{"href":"https:\/\/wgphoto.pl\/t\/index.php?rest_route=\/wp\/v2\/types\/post"}],"author":[{"embeddable":true,"href":"https:\/\/wgphoto.pl\/t\/index.php?rest_route=\/wp\/v2\/users\/1"}],"replies":[{"embeddable":true,"href":"https:\/\/wgphoto.pl\/t\/index.php?rest_route=%2Fwp%2Fv2%2Fcomments&post=5945"}],"version-history":[{"count":1,"href":"https:\/\/wgphoto.pl\/t\/index.php?rest_route=\/wp\/v2\/posts\/5945\/revisions"}],"predecessor-version":[{"id":5947,"href":"https:\/\/wgphoto.pl\/t\/index.php?rest_route=\/wp\/v2\/posts\/5945\/revisions\/5947"}],"wp:featuredmedia":[{"embeddable":true,"href":"https:\/\/wgphoto.pl\/t\/index.php?rest_route=\/wp\/v2\/media\/5946"}],"wp:attachment":[{"href":"https:\/\/wgphoto.pl\/t\/index.php?rest_route=%2Fwp%2Fv2%2Fmedia&parent=5945"}],"wp:term":[{"taxonomy":"category","embeddable":true,"href":"https:\/\/wgphoto.pl\/t\/index.php?rest_route=%2Fwp%2Fv2%2Fcategories&post=5945"},{"taxonomy":"post_tag","embeddable":true,"href":"https:\/\/wgphoto.pl\/t\/index.php?rest_route=%2Fwp%2Fv2%2Ftags&post=5945"}],"curies":[{"name":"wp","href":"https:\/\/api.w.org\/{rel}","templated":true}]}}